{"id":90946,"date":"2020-01-07T08:29:57","date_gmt":"2020-01-07T04:29:57","guid":{"rendered":""},"modified":"-0001-11-30T00:00:00","modified_gmt":"-0001-11-29T20:00:00","slug":"","status":"publish","type":"post","link":"https:\/\/ucnoqta.az\/?p=90946","title":{"rendered":"AB\u015e \u0130raqa qar\u015f\u0131 sanksiyalar haz\u0131rlama\u011fa ba\u015flay\u0131b"},"content":{"rendered":"<p>AB\u015e \u0130raqa qar\u015f\u0131 sanksiyalar haz\u0131rlama\u011fa ba\u015flay\u0131b.<\/p>\n<p>Trend-in m\u0259lumat\u0131na g\u00f6r\u0259, buna s\u0259b\u0259b \u0130raq parlamentinin xarici qo\u015funlar\u0131n \u00f6lk\u0259d\u0259n \u00e7\u0131xar\u0131lmas\u0131 il\u0259 ba\u011fl\u0131 q\u0259tnam\u0259 q\u0259bul etm\u0259sidir.<\/p>\n<p>Bildirilib ki, x\u00fcsusil\u0259, AB\u015e biznesinin \u0130raq\u0131n biznes dair\u0259l\u0259ril\u0259 i\u015f qurmas\u0131na qada\u011fa qoyulmas\u0131 imkanlar\u0131 n\u0259z\u0259rd\u0259n ke\u00e7irilir.<\/p>\n<p>Bir g\u00fcn \u0259vv\u0259l AB\u015e prezidenti Donald Tramp Amerika t\u0259r\u0259fin\u0259 d\u00fc\u015fm\u0259n\u00e7ilik g\u00f6st\u0259r\u0259c\u0259yi t\u0259qdird\u0259 Ba\u011fdad\u0131 iqtisadi m\u0259hdudiyy\u0259tl\u0259rl\u0259 t\u0259hdid edib.<\/p>\n<p>Sanksiyalar\u0131n t\u0259tbiq olunmas\u0131nda apar\u0131c\u0131 rolu A\u011f Ev v\u0259 AB\u015e Maliyy\u0259 Nazirliyi oynayacaq.<\/p>\n","protected":false},"excerpt":{"rendered":"<p>AB\u015e \u0130raqa qar\u015f\u0131 sanksiyalar haz\u0131rlama\u011fa ba\u015flay\u0131b. Trend-in m\u0259lumat\u0131na g\u00f6r\u0259, buna s\u0259b\u0259b \u0130raq parlamentinin xarici qo\u015funlar\u0131n \u00f6lk\u0259d\u0259n \u00e7\u0131xar\u0131lmas\u0131 il\u0259 ba\u011fl\u0131 q\u0259tnam\u0259 q\u0259bul etm\u0259sidir. Bildirilib ki, x\u00fcsusil\u0259, AB\u015e biznesinin \u0130raq\u0131n biznes dair\u0259l\u0259ril\u0259&hellip;<\/p>\n","protected":false},"author":1,"featured_media":251278,"comment_status":"open","ping_status":"open","sticky":false,"template":"","format":"standard","meta":{"_lmt_disableupdate":"","_lmt_disable":"","footnotes":""},"categories":[89],"tags":[],"class_list":["post-90946","post","type-post","status-publish","format-standard","has-post-thumbnail","hentry","category-dunya-butun-xeberler"],"_links":{"self":[{"href":"https:\/\/ucnoqta.az\/index.php?rest_route=\/wp\/v2\/posts\/90946","targetHints":{"allow":["GET"]}}],"collection":[{"href":"https:\/\/ucnoqta.az\/index.php?rest_route=\/wp\/v2\/posts"}],"about":[{"href":"https:\/\/ucnoqta.az\/index.php?rest_route=\/wp\/v2\/types\/post"}],"author":[{"embeddable":true,"href":"https:\/\/ucnoqta.az\/index.php?rest_route=\/wp\/v2\/users\/1"}],"replies":[{"embeddable":true,"href":"https:\/\/ucnoqta.az\/index.php?rest_route=%2Fwp%2Fv2%2Fcomments&post=90946"}],"version-history":[{"count":0,"href":"https:\/\/ucnoqta.az\/index.php?rest_route=\/wp\/v2\/posts\/90946\/revisions"}],"wp:featuredmedia":[{"embeddable":true,"href":"https:\/\/ucnoqta.az\/index.php?rest_route=\/wp\/v2\/media\/251278"}],"wp:attachment":[{"href":"https:\/\/ucnoqta.az\/index.php?rest_route=%2Fwp%2Fv2%2Fmedia&parent=90946"}],"wp:term":[{"taxonomy":"category","embeddable":true,"href":"https:\/\/ucnoqta.az\/index.php?rest_route=%2Fwp%2Fv2%2Fcategories&post=90946"},{"taxonomy":"post_tag","embeddable":true,"href":"https:\/\/ucnoqta.az\/index.php?rest_route=%2Fwp%2Fv2%2Ftags&post=90946"}],"curies":[{"name":"wp","href":"https:\/\/api.w.org\/{rel}","templated":true}]}}