{"id":90937,"date":"2020-01-06T17:53:11","date_gmt":"2020-01-06T13:53:11","guid":{"rendered":""},"modified":"-0001-11-30T00:00:00","modified_gmt":"-0001-11-29T20:00:00","slug":"","status":"publish","type":"post","link":"https:\/\/ucnoqta.az\/?p=90937","title":{"rendered":"Mehriban \u018fliyeva: <font color=red><b>&#8220;Arif Pa\u015fayev m\u0259nim \u00fc\u00e7\u00fcn insanl\u0131q, xeyirxahl\u0131q v\u0259 m\u00fcdriklik ideal\u0131d\u0131r&#8221;<\/b><\/font>"},"content":{"rendered":"<p><strong>&quot;Atam akademik Arif Pa\u015fayev m\u0259nim &uuml;&ccedil;&uuml;n insanl\u0131q, xeyirxahl\u0131q v\u0259 m&uuml;driklik ideal\u0131d\u0131r. Onun elm v\u0259 t\u0259hsil sah\u0259sind\u0259ki nailiyy\u0259tl\u0259ri haqq\u0131nda &ccedil;ox yaz\u0131l\u0131b&quot;.<\/strong><\/p>\n<p>Ucnoqta.az&nbsp;x\u0259b\u0259r verir ki, bu fikirl\u0259ri Az\u0259rbaycan Respublikas\u0131n\u0131n Birinci vitse-prezidenti Mehriban \u018fliyeva &quot;Facebook&quot; s\u0259hif\u0259sind\u0259 yaz\u0131b.<br \/>\n&quot;Atam\u0131n insani keyfiyy\u0259tl\u0259ri &ndash; onun t&uuml;k\u0259nm\u0259z nikbinliyi, ba\u015fqalar\u0131n\u0131n d\u0259rdin\u0259 \u015f\u0259rik olmaq, onlar\u0131 d\u0259st\u0259kl\u0259m\u0259k, ham\u0131 il\u0259 dil tapmaq x&uuml;susiyy\u0259ti, &ouml;z m&uuml;sb\u0259t enerjisini \u0259traf\u0131ndak\u0131 b&uuml;t&uuml;n insanlarla b&ouml;l&uuml;\u015fm\u0259k istedad\u0131, m&uuml;drikliyi v\u0259 sonsuz xeyirxahl\u0131\u011f\u0131 m\u0259nim h\u0259yat amal\u0131md\u0131r. O, uzun ill\u0259rdir ki, Milli Aviasiya Akademiyas\u0131na r\u0259hb\u0259rlik edir. T\u0259l\u0259b\u0259l\u0259rl\u0259 rektor aras\u0131nda qar\u015f\u0131l\u0131ql\u0131 h&ouml;rm\u0259t, isti yolda\u015fl\u0131q m&uuml;nasib\u0259tl\u0259ri atam\u0131n y&uuml;ks\u0259k \u015f\u0259xsi v\u0259 pe\u015f\u0259kar keyfiyy\u0259tl\u0259rin\u0259 daha bir s&uuml;butdur&quot;, &#8211; Birinci vitse-prezident bildirib.&nbsp;<\/p>\n","protected":false},"excerpt":{"rendered":"<p>&quot;Atam akademik Arif Pa\u015fayev m\u0259nim &uuml;&ccedil;&uuml;n insanl\u0131q, xeyirxahl\u0131q v\u0259 m&uuml;driklik ideal\u0131d\u0131r. Onun elm v\u0259 t\u0259hsil sah\u0259sind\u0259ki nailiyy\u0259tl\u0259ri haqq\u0131nda &ccedil;ox yaz\u0131l\u0131b&quot;. Ucnoqta.az&nbsp;x\u0259b\u0259r verir ki, bu fikirl\u0259ri Az\u0259rbaycan Respublikas\u0131n\u0131n Birinci vitse-prezidenti Mehriban&hellip;<\/p>\n","protected":false},"author":1,"featured_media":251278,"comment_status":"open","ping_status":"open","sticky":false,"template":"","format":"standard","meta":{"_lmt_disableupdate":"","_lmt_disable":"","footnotes":""},"categories":[],"tags":[],"class_list":["post-90937","post","type-post","status-publish","format-standard","has-post-thumbnail","hentry"],"_links":{"self":[{"href":"https:\/\/ucnoqta.az\/index.php?rest_route=\/wp\/v2\/posts\/90937","targetHints":{"allow":["GET"]}}],"collection":[{"href":"https:\/\/ucnoqta.az\/index.php?rest_route=\/wp\/v2\/posts"}],"about":[{"href":"https:\/\/ucnoqta.az\/index.php?rest_route=\/wp\/v2\/types\/post"}],"author":[{"embeddable":true,"href":"https:\/\/ucnoqta.az\/index.php?rest_route=\/wp\/v2\/users\/1"}],"replies":[{"embeddable":true,"href":"https:\/\/ucnoqta.az\/index.php?rest_route=%2Fwp%2Fv2%2Fcomments&post=90937"}],"version-history":[{"count":0,"href":"https:\/\/ucnoqta.az\/index.php?rest_route=\/wp\/v2\/posts\/90937\/revisions"}],"wp:featuredmedia":[{"embeddable":true,"href":"https:\/\/ucnoqta.az\/index.php?rest_route=\/wp\/v2\/media\/251278"}],"wp:attachment":[{"href":"https:\/\/ucnoqta.az\/index.php?rest_route=%2Fwp%2Fv2%2Fmedia&parent=90937"}],"wp:term":[{"taxonomy":"category","embeddable":true,"href":"https:\/\/ucnoqta.az\/index.php?rest_route=%2Fwp%2Fv2%2Fcategories&post=90937"},{"taxonomy":"post_tag","embeddable":true,"href":"https:\/\/ucnoqta.az\/index.php?rest_route=%2Fwp%2Fv2%2Ftags&post=90937"}],"curies":[{"name":"wp","href":"https:\/\/api.w.org\/{rel}","templated":true}]}}