{"id":90931,"date":"2020-01-06T14:22:32","date_gmt":"2020-01-06T10:22:32","guid":{"rendered":""},"modified":"-0001-11-30T00:00:00","modified_gmt":"-0001-11-29T20:00:00","slug":"","status":"publish","type":"post","link":"https:\/\/ucnoqta.az\/?p=90931","title":{"rendered":"Almaniya polisi Az\u0259rbaycan v\u0259t\u0259nda\u015flar\u0131n\u0131 saxlay\u0131b"},"content":{"rendered":"<p><strong>Almaniya polisi aralar\u0131nda az\u0259rbaycanl\u0131lar\u0131n da oldu\u011fu 19 n\u0259f\u0259ri saxlay\u0131b.<\/strong><\/p>\n<p>Bu bar\u0259d\u0259 &ldquo;Report&rdquo;a Almaniyan\u0131n Rostok \u015f\u0259h\u0259r Polis \u0130dar\u0259sind\u0259n m\u0259lumat verilib. Bildirilib&nbsp;ki, &ouml;t\u0259n g&uuml;n Rostok \u015f\u0259h\u0259r d\u0259miryolu va\u011fzal\u0131nda polisin ke&ccedil;irdiyi reyd zaman\u0131 19 \u0259cn\u0259bi saxlan\u0131l\u0131b. Onlardan 9-u polis\u0259 etibars\u0131z pasport t\u0259qdim edib. D&ouml;rd n\u0259f\u0259rin is\u0259 &uuml;mumiyy\u0259tl\u0259 h\u0259r hans\u0131 bir pasport v\u0259 \u015f\u0259xsiyy\u0259t v\u0259siq\u0259si olmadan s\u0259yah\u0259t etdiyi m\u0259lum olub. Be\u015f n\u0259f\u0259rin \u015eengen vizas\u0131n\u0131n vaxt\u0131 &ouml;tm&uuml;\u015f olub, bir n\u0259f\u0259r is\u0259, polis\u0259 he&ccedil; bir kimlik m\u0259lumat\u0131n\u0131n olmad\u0131\u011f\u0131 ka\u011f\u0131z verib.<\/p>\n<p>Polis idar\u0259sind\u0259ki ilkin ifad\u0259l\u0259ri zaman\u0131 onlar &ouml;zl\u0259ri v\u0259 Almaniyaya g\u0259lm\u0259l\u0259ri il\u0259 ba\u011fl\u0131 m\u0259lumat veribl\u0259r. Polis saxlan\u0131lan \u015f\u0259xsl\u0259rin v\u0259t\u0259nda\u015fl\u0131q m\u0259nsubiyy\u0259tini d\u0259 &ouml;yr\u0259nib. Onlar Makedoniya, \u018ffqan\u0131stan, \u0130raq, Suriya, &Ccedil;ili v\u0259 Az\u0259rbaycan v\u0259t\u0259nda\u015flar\u0131 olublar.<br \/>\nRostok \u015f\u0259h\u0259r Federal M\u0259hk\u0259m\u0259si &ouml;t\u0259n g&uuml;n ke&ccedil;irdiyi ilkin iclas\u0131nda&nbsp;&ldquo;Almaniya Federal Ya\u015fay\u0131\u015f&rdquo; qanununu pozduqlar\u0131na g&ouml;r\u0259, onlar\u0131n h\u0259r birini 2430 avro m\u0259bl\u0259\u011find\u0259 c\u0259rim\u0259l\u0259yib.<\/p>\n<p>N&ouml;vb\u0259ti m\u0259hk\u0259m\u0259 iclas\u0131nda&nbsp;saxlan\u0131lan \u015f\u0259xsl\u0259rin &ouml;lk\u0259d\u0259n deportasiya edilm\u0259si il\u0259 ba\u011fl\u0131 q\u0259rar &ccedil;\u0131xar\u0131laca\u011f\u0131&nbsp;g&ouml;zl\u0259nilir.<\/p>\n<p>Almaniya Federal&nbsp;Daxili \u0130\u015fl\u0259r Nazirliyi&nbsp;yayd\u0131\u011f\u0131 m\u0259lumatda bildirilib ki, son aylar s\u0259rh\u0259dl\u0259rinin pozulmas\u0131 il\u0259 &ouml;lk\u0259y\u0259 daxil olma\u011fa c\u0259hd ed\u0259n \u0259cn\u0259bil\u0259rin say\u0131nda art\u0131m qeyd\u0259 al\u0131n\u0131b. Federal polis s\u0259rh\u0259dl\u0259rd\u0259 n\u0259zar\u0259ti g&uuml;cl\u0259ndirib. Eyni zamanda \u0259halinin s\u0131x oldu\u011fu d\u0259miryolu va\u011fzallar\u0131, avtobus terminallar\u0131 v\u0259 \u015f\u0259h\u0259r m\u0259rk\u0259zl\u0259rind\u0259 qanunsuz miqrasiyaya qar\u015f\u0131 ke&ccedil;iril\u0259n reydl\u0259r\u0259 daha &ccedil;ox polis \u0259m\u0259kda\u015f\u0131 c\u0259lb olunub.&nbsp;<\/p>\n","protected":false},"excerpt":{"rendered":"<p>Almaniya polisi aralar\u0131nda az\u0259rbaycanl\u0131lar\u0131n da oldu\u011fu 19 n\u0259f\u0259ri saxlay\u0131b. Bu bar\u0259d\u0259 &ldquo;Report&rdquo;a Almaniyan\u0131n Rostok \u015f\u0259h\u0259r Polis \u0130dar\u0259sind\u0259n m\u0259lumat verilib. Bildirilib&nbsp;ki, &ouml;t\u0259n g&uuml;n Rostok \u015f\u0259h\u0259r d\u0259miryolu va\u011fzal\u0131nda polisin ke&ccedil;irdiyi reyd zaman\u0131&hellip;<\/p>\n","protected":false},"author":1,"featured_media":251278,"comment_status":"open","ping_status":"open","sticky":false,"template":"","format":"standard","meta":{"_lmt_disableupdate":"","_lmt_disable":"","footnotes":""},"categories":[],"tags":[],"class_list":["post-90931","post","type-post","status-publish","format-standard","has-post-thumbnail","hentry"],"_links":{"self":[{"href":"https:\/\/ucnoqta.az\/index.php?rest_route=\/wp\/v2\/posts\/90931","targetHints":{"allow":["GET"]}}],"collection":[{"href":"https:\/\/ucnoqta.az\/index.php?rest_route=\/wp\/v2\/posts"}],"about":[{"href":"https:\/\/ucnoqta.az\/index.php?rest_route=\/wp\/v2\/types\/post"}],"author":[{"embeddable":true,"href":"https:\/\/ucnoqta.az\/index.php?rest_route=\/wp\/v2\/users\/1"}],"replies":[{"embeddable":true,"href":"https:\/\/ucnoqta.az\/index.php?rest_route=%2Fwp%2Fv2%2Fcomments&post=90931"}],"version-history":[{"count":0,"href":"https:\/\/ucnoqta.az\/index.php?rest_route=\/wp\/v2\/posts\/90931\/revisions"}],"wp:featuredmedia":[{"embeddable":true,"href":"https:\/\/ucnoqta.az\/index.php?rest_route=\/wp\/v2\/media\/251278"}],"wp:attachment":[{"href":"https:\/\/ucnoqta.az\/index.php?rest_route=%2Fwp%2Fv2%2Fmedia&parent=90931"}],"wp:term":[{"taxonomy":"category","embeddable":true,"href":"https:\/\/ucnoqta.az\/index.php?rest_route=%2Fwp%2Fv2%2Fcategories&post=90931"},{"taxonomy":"post_tag","embeddable":true,"href":"https:\/\/ucnoqta.az\/index.php?rest_route=%2Fwp%2Fv2%2Ftags&post=90931"}],"curies":[{"name":"wp","href":"https:\/\/api.w.org\/{rel}","templated":true}]}}