{"id":90918,"date":"2020-01-06T10:24:34","date_gmt":"2020-01-06T06:24:34","guid":{"rendered":""},"modified":"-0001-11-30T00:00:00","modified_gmt":"-0001-11-29T20:00:00","slug":"","status":"publish","type":"post","link":"https:\/\/ucnoqta.az\/?p=90918","title":{"rendered":"Xorvatiyada yeni prezident se\u00e7ildi &#8211; <font color=red><b>FOTO<\/b><\/font>"},"content":{"rendered":"<p><strong>Xorvatiyan\u0131n Sosial Demokrat Partiyas\u0131n\u0131n (SDP) s\u0259dri v\u0259 &ouml;lk\u0259nin ke&ccedil;mi\u015f ba\u015f naziri Zoran Milanovi&ccedil; prezident se&ccedil;kil\u0259rind\u0259 qalib g\u0259lib.<\/strong><\/p>\n<p>&ldquo;\u0130nterfaks&rdquo; x\u0259b\u0259r verir ki, bu bar\u0259d\u0259 Xorvatiyan\u0131n D&ouml;vl\u0259t Se&ccedil;ki Komissiyas\u0131&nbsp;qeyri-r\u0259smi m\u0259lumat yay\u0131b. M\u0259lumata \u0259sas\u0259n, siyas\u0259t&ccedil;iy\u0259 se&ccedil;icil\u0259rin 52,7 faizi s\u0259s verib. &Ouml;lk\u0259nin haz\u0131rk\u0131 prezidenti Kolinda Qrabar-Kitarovi&ccedil; is\u0259 43,7 faiz s\u0259s toplay\u0131b.<\/p>\n<p>Xat\u0131rladaq ki, Kolinda Qrabar-Kitarovi&ccedil; 2015-ci ilin fevral\u0131ndan Xorvatiyaya ba\u015f&ccedil;\u0131l\u0131q edib. \/oxu.az<\/p>\n","protected":false},"excerpt":{"rendered":"<p>Xorvatiyan\u0131n Sosial Demokrat Partiyas\u0131n\u0131n (SDP) s\u0259dri v\u0259 &ouml;lk\u0259nin ke&ccedil;mi\u015f ba\u015f naziri Zoran Milanovi&ccedil; prezident se&ccedil;kil\u0259rind\u0259 qalib g\u0259lib. &ldquo;\u0130nterfaks&rdquo; x\u0259b\u0259r verir ki, bu bar\u0259d\u0259 Xorvatiyan\u0131n D&ouml;vl\u0259t Se&ccedil;ki Komissiyas\u0131&nbsp;qeyri-r\u0259smi m\u0259lumat yay\u0131b. M\u0259lumata&hellip;<\/p>\n","protected":false},"author":1,"featured_media":251278,"comment_status":"open","ping_status":"open","sticky":false,"template":"","format":"standard","meta":{"_lmt_disableupdate":"","_lmt_disable":"","footnotes":""},"categories":[89],"tags":[],"class_list":["post-90918","post","type-post","status-publish","format-standard","has-post-thumbnail","hentry","category-dunya-butun-xeberler"],"_links":{"self":[{"href":"https:\/\/ucnoqta.az\/index.php?rest_route=\/wp\/v2\/posts\/90918","targetHints":{"allow":["GET"]}}],"collection":[{"href":"https:\/\/ucnoqta.az\/index.php?rest_route=\/wp\/v2\/posts"}],"about":[{"href":"https:\/\/ucnoqta.az\/index.php?rest_route=\/wp\/v2\/types\/post"}],"author":[{"embeddable":true,"href":"https:\/\/ucnoqta.az\/index.php?rest_route=\/wp\/v2\/users\/1"}],"replies":[{"embeddable":true,"href":"https:\/\/ucnoqta.az\/index.php?rest_route=%2Fwp%2Fv2%2Fcomments&post=90918"}],"version-history":[{"count":0,"href":"https:\/\/ucnoqta.az\/index.php?rest_route=\/wp\/v2\/posts\/90918\/revisions"}],"wp:featuredmedia":[{"embeddable":true,"href":"https:\/\/ucnoqta.az\/index.php?rest_route=\/wp\/v2\/media\/251278"}],"wp:attachment":[{"href":"https:\/\/ucnoqta.az\/index.php?rest_route=%2Fwp%2Fv2%2Fmedia&parent=90918"}],"wp:term":[{"taxonomy":"category","embeddable":true,"href":"https:\/\/ucnoqta.az\/index.php?rest_route=%2Fwp%2Fv2%2Fcategories&post=90918"},{"taxonomy":"post_tag","embeddable":true,"href":"https:\/\/ucnoqta.az\/index.php?rest_route=%2Fwp%2Fv2%2Ftags&post=90918"}],"curies":[{"name":"wp","href":"https:\/\/api.w.org\/{rel}","templated":true}]}}