{"id":90916,"date":"2020-01-06T09:34:25","date_gmt":"2020-01-06T05:34:25","guid":{"rendered":""},"modified":"-0001-11-30T00:00:00","modified_gmt":"-0001-11-29T20:00:00","slug":"","status":"publish","type":"post","link":"https:\/\/ucnoqta.az\/?p=90916","title":{"rendered":"Tramp \u0130raq\u0131 sanksiyalarla h\u0259d\u0259l\u0259di"},"content":{"rendered":"<p>AB\u015e Prezidenti Donald Tramp Ba\u011fdad t\u0259r\u0259find\u0259n \u201cd\u00fc\u015fm\u0259n\u00e7ilik siyas\u0259ti\u201d y\u00fcr\u00fcd\u00fcl\u0259c\u0259yi t\u0259qdird\u0259 \u0130raq\u0131 sanksiyalarla h\u0259d\u0259l\u0259yib.<\/p>\n<p>APA\u00a0\u201cTASS\u201d agentliyin\u0259 istinad\u0259n x\u0259b\u0259r verir ki, o, \u0130raq parlamentinin xarici qo\u015funlar\u0131n \u00f6lk\u0259d\u0259n \u00e7\u0131xar\u0131lmas\u0131 il\u0259 ba\u011fl\u0131 q\u0259bul etdiyi q\u0259tnam\u0259ni \u015f\u0259rh ed\u0259rk\u0259n bel\u0259 deyib.<\/p>\n<p>\u201c\u018fg\u0259r h\u0259r hans\u0131 d\u00fc\u015fm\u0259n\u00e7ilik ba\u015f ver\u0259rs\u0259, onlar bizim q\u0259bul ed\u0259 bilm\u0259y\u0259c\u0259yimiz bir add\u0131m atarlarsa, biz \u0130raqa qar\u015f\u0131 sanksiya t\u0259tbiq ed\u0259c\u0259yik, \u00e7ox m\u00fch\u00fcm sanksiyalar\u201d, &#8211; dey\u0259 Tramp bel\u0259 bildirib.<\/p>\n<p>Tramp, h\u0259m\u00e7inin \u0259lav\u0259 edib ki, Ba\u011fdad Amerika aviabazas\u0131na g\u00f6r\u0259 Va\u015finqtona \u00f6d\u0259ni\u015f etm\u0259diyi m\u00fcdd\u0259t\u0259c\u0259n AB\u015e qo\u015funlar\u0131 \u0130raq\u0131 t\u0259rk etm\u0259y\u0259c\u0259k.<\/p>\n","protected":false},"excerpt":{"rendered":"<p>AB\u015e Prezidenti Donald Tramp Ba\u011fdad t\u0259r\u0259find\u0259n \u201cd\u00fc\u015fm\u0259n\u00e7ilik siyas\u0259ti\u201d y\u00fcr\u00fcd\u00fcl\u0259c\u0259yi t\u0259qdird\u0259 \u0130raq\u0131 sanksiyalarla h\u0259d\u0259l\u0259yib. APA\u00a0\u201cTASS\u201d agentliyin\u0259 istinad\u0259n x\u0259b\u0259r verir ki, o, \u0130raq parlamentinin xarici qo\u015funlar\u0131n \u00f6lk\u0259d\u0259n \u00e7\u0131xar\u0131lmas\u0131 il\u0259 ba\u011fl\u0131 q\u0259bul etdiyi&hellip;<\/p>\n","protected":false},"author":1,"featured_media":251278,"comment_status":"open","ping_status":"open","sticky":false,"template":"","format":"standard","meta":{"_lmt_disableupdate":"","_lmt_disable":"","footnotes":""},"categories":[89],"tags":[],"class_list":["post-90916","post","type-post","status-publish","format-standard","has-post-thumbnail","hentry","category-dunya-butun-xeberler"],"_links":{"self":[{"href":"https:\/\/ucnoqta.az\/index.php?rest_route=\/wp\/v2\/posts\/90916","targetHints":{"allow":["GET"]}}],"collection":[{"href":"https:\/\/ucnoqta.az\/index.php?rest_route=\/wp\/v2\/posts"}],"about":[{"href":"https:\/\/ucnoqta.az\/index.php?rest_route=\/wp\/v2\/types\/post"}],"author":[{"embeddable":true,"href":"https:\/\/ucnoqta.az\/index.php?rest_route=\/wp\/v2\/users\/1"}],"replies":[{"embeddable":true,"href":"https:\/\/ucnoqta.az\/index.php?rest_route=%2Fwp%2Fv2%2Fcomments&post=90916"}],"version-history":[{"count":0,"href":"https:\/\/ucnoqta.az\/index.php?rest_route=\/wp\/v2\/posts\/90916\/revisions"}],"wp:featuredmedia":[{"embeddable":true,"href":"https:\/\/ucnoqta.az\/index.php?rest_route=\/wp\/v2\/media\/251278"}],"wp:attachment":[{"href":"https:\/\/ucnoqta.az\/index.php?rest_route=%2Fwp%2Fv2%2Fmedia&parent=90916"}],"wp:term":[{"taxonomy":"category","embeddable":true,"href":"https:\/\/ucnoqta.az\/index.php?rest_route=%2Fwp%2Fv2%2Fcategories&post=90916"},{"taxonomy":"post_tag","embeddable":true,"href":"https:\/\/ucnoqta.az\/index.php?rest_route=%2Fwp%2Fv2%2Ftags&post=90916"}],"curies":[{"name":"wp","href":"https:\/\/api.w.org\/{rel}","templated":true}]}}