{"id":90914,"date":"2020-01-05T23:49:41","date_gmt":"2020-01-05T19:49:41","guid":{"rendered":""},"modified":"-0001-11-30T00:00:00","modified_gmt":"-0001-11-29T20:00:00","slug":"","status":"publish","type":"post","link":"https:\/\/ucnoqta.az\/?p=90914","title":{"rendered":"\u018frdo\u011fan:\u201cLiviyaya T\u00fcrkiy\u0259 h\u0259rb\u00e7il\u0259rinin g\u00f6nd\u0259rilm\u0259sin\u0259 ba\u015flan\u0131l\u0131b\u201d"},"content":{"rendered":"<p><strong>T&uuml;rkiy\u0259 prezidenti R\u0259c\u0259b Tayyib \u018frdo\u011fan Liviyaya t&uuml;rk h\u0259rbi qulluq&ccedil;ular\u0131n\u0131n g&ouml;nd\u0259rilm\u0259sinin ba\u015fland\u0131\u011f\u0131n\u0131 bildirib.<\/strong><\/p>\n<p>&ldquo;Report&rdquo;un m\u0259lumat\u0131na g&ouml;r\u0259, bu bar\u0259d\u0259 d&ouml;vl\u0259t ba\u015f&ccedil;\u0131s\u0131 CNN Turk telekanal\u0131n\u0131n efirind\u0259 x\u0259b\u0259r verib. &quot;Bizim h\u0259rb&ccedil;il\u0259rimizin v\u0259zif\u0259l\u0259rin\u0259 koordinasiya h\u0259r\u0259k\u0259tl\u0259ri daxildir. T&uuml;rkiy\u0259 h\u0259rb&ccedil;il\u0259ri qanuni h&ouml;kum\u0259tin (Liviyada) t\u0259hl&uuml;k\u0259sizliyini t\u0259min etm\u0259k &uuml;&ccedil;&uuml;n t\u0259dric\u0259n g&ouml;nd\u0259rilm\u0259y\u0259 ba\u015flay\u0131blar&quot;, &#8211; CNN Turk telekanal\u0131n\u0131n efirind\u0259 T&uuml;rkiy\u0259 lideri deyib.<\/p>\n","protected":false},"excerpt":{"rendered":"<p>T&uuml;rkiy\u0259 prezidenti R\u0259c\u0259b Tayyib \u018frdo\u011fan Liviyaya t&uuml;rk h\u0259rbi qulluq&ccedil;ular\u0131n\u0131n g&ouml;nd\u0259rilm\u0259sinin ba\u015fland\u0131\u011f\u0131n\u0131 bildirib. &ldquo;Report&rdquo;un m\u0259lumat\u0131na g&ouml;r\u0259, bu bar\u0259d\u0259 d&ouml;vl\u0259t ba\u015f&ccedil;\u0131s\u0131 CNN Turk telekanal\u0131n\u0131n efirind\u0259 x\u0259b\u0259r verib. &quot;Bizim h\u0259rb&ccedil;il\u0259rimizin v\u0259zif\u0259l\u0259rin\u0259 koordinasiya h\u0259r\u0259k\u0259tl\u0259ri&hellip;<\/p>\n","protected":false},"author":1,"featured_media":251278,"comment_status":"open","ping_status":"open","sticky":false,"template":"","format":"standard","meta":{"_lmt_disableupdate":"","_lmt_disable":"","footnotes":""},"categories":[89],"tags":[],"class_list":["post-90914","post","type-post","status-publish","format-standard","has-post-thumbnail","hentry","category-dunya-butun-xeberler"],"_links":{"self":[{"href":"https:\/\/ucnoqta.az\/index.php?rest_route=\/wp\/v2\/posts\/90914","targetHints":{"allow":["GET"]}}],"collection":[{"href":"https:\/\/ucnoqta.az\/index.php?rest_route=\/wp\/v2\/posts"}],"about":[{"href":"https:\/\/ucnoqta.az\/index.php?rest_route=\/wp\/v2\/types\/post"}],"author":[{"embeddable":true,"href":"https:\/\/ucnoqta.az\/index.php?rest_route=\/wp\/v2\/users\/1"}],"replies":[{"embeddable":true,"href":"https:\/\/ucnoqta.az\/index.php?rest_route=%2Fwp%2Fv2%2Fcomments&post=90914"}],"version-history":[{"count":0,"href":"https:\/\/ucnoqta.az\/index.php?rest_route=\/wp\/v2\/posts\/90914\/revisions"}],"wp:featuredmedia":[{"embeddable":true,"href":"https:\/\/ucnoqta.az\/index.php?rest_route=\/wp\/v2\/media\/251278"}],"wp:attachment":[{"href":"https:\/\/ucnoqta.az\/index.php?rest_route=%2Fwp%2Fv2%2Fmedia&parent=90914"}],"wp:term":[{"taxonomy":"category","embeddable":true,"href":"https:\/\/ucnoqta.az\/index.php?rest_route=%2Fwp%2Fv2%2Fcategories&post=90914"},{"taxonomy":"post_tag","embeddable":true,"href":"https:\/\/ucnoqta.az\/index.php?rest_route=%2Fwp%2Fv2%2Ftags&post=90914"}],"curies":[{"name":"wp","href":"https:\/\/api.w.org\/{rel}","templated":true}]}}