{"id":90910,"date":"2020-01-05T21:02:31","date_gmt":"2020-01-05T17:02:31","guid":{"rendered":""},"modified":"-0001-11-30T00:00:00","modified_gmt":"-0001-11-29T20:00:00","slug":"","status":"publish","type":"post","link":"https:\/\/ucnoqta.az\/?p=90910","title":{"rendered":"\u0130raq AB\u015e qo\u015funlar\u0131n\u0131 \u00f6lk\u0259d\u0259n \u00e7\u0131xar\u0131r"},"content":{"rendered":"<p><strong>\u0130raq Parlamenti \u0130\u015e\u0130D il\u0259 m&uuml;bariz\u0259 &uuml;&ccedil;&uuml;n koalisiya il\u0259 m&uuml;qavil\u0259nin pozulmas\u0131na v\u0259 xarici qo\u015funlar\u0131n &ouml;lk\u0259d\u0259n &ccedil;\u0131xar\u0131lmas\u0131na s\u0259s verib.<\/strong><\/p>\n<p>&ldquo;Al-Arabiya&rdquo; telekanal\u0131 bu bar\u0259d\u0259 m\u0259lumat yay\u0131b.<br \/>\nQeyd ed\u0259k ki, bundan \u0259vv\u0259l bel\u0259 bir t\u0259klifl\u0259 respublikan\u0131n ba\u015f nazirinin s\u0259lahiyy\u0259tl\u0259rini icra ed\u0259n Adil Abdul Mehdi &ccedil;\u0131x\u0131\u015f etmi\u015fdi. Onun s&ouml;zl\u0259rin\u0259 g&ouml;r\u0259, bu, AB\u015e v\u0259 dig\u0259r d&ouml;vl\u0259tl\u0259rl\u0259 m&uuml;nasib\u0259tl\u0259rin yenid\u0259n qurulmas\u0131na k&ouml;m\u0259k ed\u0259c\u0259k, h\u0259m&ccedil;inin suverenliy\u0259 h&ouml;rm\u0259t v\u0259 daxili i\u015fl\u0259r\u0259 qar\u0131\u015fmamaq \u0259sas\u0131nda dostluq m&uuml;nasib\u0259tl\u0259rini qoruma\u011fa k&ouml;m\u0259k ed\u0259c\u0259k.\/oxu.az<\/p>\n","protected":false},"excerpt":{"rendered":"<p>\u0130raq Parlamenti \u0130\u015e\u0130D il\u0259 m&uuml;bariz\u0259 &uuml;&ccedil;&uuml;n koalisiya il\u0259 m&uuml;qavil\u0259nin pozulmas\u0131na v\u0259 xarici qo\u015funlar\u0131n &ouml;lk\u0259d\u0259n &ccedil;\u0131xar\u0131lmas\u0131na s\u0259s verib. &ldquo;Al-Arabiya&rdquo; telekanal\u0131 bu bar\u0259d\u0259 m\u0259lumat yay\u0131b. Qeyd ed\u0259k ki, bundan \u0259vv\u0259l bel\u0259 bir&hellip;<\/p>\n","protected":false},"author":1,"featured_media":251278,"comment_status":"open","ping_status":"open","sticky":false,"template":"","format":"standard","meta":{"_lmt_disableupdate":"","_lmt_disable":"","footnotes":""},"categories":[89],"tags":[],"class_list":["post-90910","post","type-post","status-publish","format-standard","has-post-thumbnail","hentry","category-dunya-butun-xeberler"],"_links":{"self":[{"href":"https:\/\/ucnoqta.az\/index.php?rest_route=\/wp\/v2\/posts\/90910","targetHints":{"allow":["GET"]}}],"collection":[{"href":"https:\/\/ucnoqta.az\/index.php?rest_route=\/wp\/v2\/posts"}],"about":[{"href":"https:\/\/ucnoqta.az\/index.php?rest_route=\/wp\/v2\/types\/post"}],"author":[{"embeddable":true,"href":"https:\/\/ucnoqta.az\/index.php?rest_route=\/wp\/v2\/users\/1"}],"replies":[{"embeddable":true,"href":"https:\/\/ucnoqta.az\/index.php?rest_route=%2Fwp%2Fv2%2Fcomments&post=90910"}],"version-history":[{"count":0,"href":"https:\/\/ucnoqta.az\/index.php?rest_route=\/wp\/v2\/posts\/90910\/revisions"}],"wp:featuredmedia":[{"embeddable":true,"href":"https:\/\/ucnoqta.az\/index.php?rest_route=\/wp\/v2\/media\/251278"}],"wp:attachment":[{"href":"https:\/\/ucnoqta.az\/index.php?rest_route=%2Fwp%2Fv2%2Fmedia&parent=90910"}],"wp:term":[{"taxonomy":"category","embeddable":true,"href":"https:\/\/ucnoqta.az\/index.php?rest_route=%2Fwp%2Fv2%2Fcategories&post=90910"},{"taxonomy":"post_tag","embeddable":true,"href":"https:\/\/ucnoqta.az\/index.php?rest_route=%2Fwp%2Fv2%2Ftags&post=90910"}],"curies":[{"name":"wp","href":"https:\/\/api.w.org\/{rel}","templated":true}]}}