{"id":90906,"date":"2020-01-05T16:00:59","date_gmt":"2020-01-05T12:00:59","guid":{"rendered":""},"modified":"-0001-11-30T00:00:00","modified_gmt":"-0001-11-29T20:00:00","slug":"","status":"publish","type":"post","link":"https:\/\/ucnoqta.az\/?p=90906","title":{"rendered":"Avropa \u0130ttifaq\u0131 \u0130ran X\u0130N r\u0259hb\u0259rini Br\u00fcssel\u0259 d\u0259v\u0259t edib"},"content":{"rendered":"<p><strong>Avropa \u0130ttifaq\u0131 (A\u0130) \u0130ran\u0131n Xarici \u0130\u015fl\u0259r naziri Cavad Z\u0259rifi Br&uuml;ssel\u0259 d\u0259v\u0259t edib.<\/strong><\/p>\n<p>APA-n\u0131n x\u0259b\u0259rin\u0259 g&ouml;r\u0259, A\u0130-nin Xarici Siyas\u0259t v\u0259 T\u0259hl&uuml;k\u0259sizlik m\u0259s\u0259l\u0259l\u0259ri &uuml;zr\u0259 Ali N&uuml;may\u0259nd\u0259si Cozef Borel v\u0259 \u0130ran\u0131n Xarici \u0130\u015fl\u0259r naziri Cavad Z\u0259rif aras\u0131nda telefon dan\u0131\u015f\u0131\u011f\u0131 olub. T\u0259r\u0259fl\u0259r \u0130raqda ba\u015f ver\u0259n son hadis\u0259l\u0259r,&nbsp;&nbsp;regionda g\u0259rginliyin aradan qald\u0131r\u0131lmas\u0131n\u0131n vacibliyi v\u0259 H\u0259rt\u0259r\u0259fli Birg\u0259 F\u0259aliyy\u0259t Plan\u0131n\u0131n saxlan\u0131lmas\u0131n\u0131n &ouml;n\u0259mi bar\u0259d\u0259 fikir m&uuml;badil\u0259si apar\u0131blar.<\/p>\n<p>Cozef Borel general Qas\u0131m S&uuml;leymaninin &ouml;ld&uuml;r&uuml;lm\u0259si d\u0259 daxil olmaqla \u0130raqda \u015fidd\u0259tli qar\u015f\u0131durmalar\u0131n artmas\u0131ndan d\u0259rin narahatl\u0131\u011f\u0131n\u0131 ifad\u0259 edib.<br \/>\nO, \u0130ran\u0131 t\u0259mkinli olma\u011fa, b&uuml;t&uuml;n regionu v\u0259 onun xalqlar\u0131n\u0131 t\u0259hl&uuml;k\u0259y\u0259 atan eskalasiyadan &ccedil;\u0259kinm\u0259k &uuml;&ccedil;&uuml;n ist\u0259nil\u0259n reaksiya bar\u0259d\u0259 diqq\u0259tl\u0259 d&uuml;\u015f&uuml;nm\u0259y\u0259 &ccedil;a\u011f\u0131r\u0131b.<\/p>\n<p>A\u0130-nin Ali N&uuml;may\u0259nd\u0259si de-eskalasiya prosesin\u0259 t&ouml;hf\u0259 verm\u0259k &uuml;&ccedil;&uuml;n haz\u0131r oldu\u011funu ifad\u0259 edib. C.Borel&nbsp;&nbsp;bildirib ki, regional siyasi h\u0259ll yolu g\u0259rginliyin aradan qald\u0131r\u0131lmas\u0131 v\u0259 sabitliyin b\u0259rpas\u0131 &uuml;&ccedil;&uuml;n yegan\u0259 h\u0259ldir v\u0259 A\u0130 bu istiqam\u0259td\u0259 d\u0259st\u0259k verm\u0259y\u0259 haz\u0131rd\u0131r.<\/p>\n<p>Telefon s&ouml;hb\u0259ti zaman\u0131 t\u0259r\u0259fl\u0259r h\u0259m&ccedil;inin \u0130ran\u0131n n&uuml;v\u0259 proqram\u0131 il\u0259 ba\u011fl\u0131 olan H\u0259rt\u0259r\u0259fli Birg\u0259 F\u0259aliyy\u0259t Plan\u0131n\u0131 da m&uuml;zakir\u0259 edibl\u0259r. A\u0130-nin Ali N&uuml;may\u0259nd\u0259si bu sazi\u015fd\u0259 \u0259sas koordinator rolunu h\u0259yata ke&ccedil;irm\u0259y\u0259 davam ed\u0259c\u0259yini v\u0259 bu sazi\u015fin h\u0259yata ke&ccedil;irilm\u0259si v\u0259 d\u0259st\u0259kl\u0259nm\u0259si &uuml;&ccedil;&uuml;n sazi\u015fd\u0259 qalan t\u0259r\u0259fl\u0259rin birliyini qorumaq &uuml;&ccedil;&uuml;n s\u0259yl\u0259rini davam etdir\u0259c\u0259yini qeyd edib.<\/p>\n<p>Cozef Borel telefon dan\u0131\u015f\u0131\u011f\u0131 zaman\u0131 m&uuml;zakir\u0259 olunan m\u0259s\u0259l\u0259l\u0259rin daha \u0259trafl\u0131 m&uuml;zakir\u0259si &uuml;&ccedil;&uuml;n Cavad Z\u0259rifi Br&uuml;ssel\u0259 d\u0259v\u0259t edib.<br \/>\nA\u0130-nin Xarici Siyas\u0259t v\u0259 T\u0259hl&uuml;k\u0259sizlik m\u0259s\u0259l\u0259l\u0259ri &uuml;zr\u0259 Ali N&uuml;may\u0259nd\u0259liyind\u0259n bildirilib ki, t\u0259r\u0259fl\u0259r aras\u0131nda telefon dan\u0131\u015f\u0131\u011f\u0131 ba\u015f ver\u0259n son hadis\u0259l\u0259rin kontekstind\u0259 ba\u015f tutub.<\/p>\n","protected":false},"excerpt":{"rendered":"<p>Avropa \u0130ttifaq\u0131 (A\u0130) \u0130ran\u0131n Xarici \u0130\u015fl\u0259r naziri Cavad Z\u0259rifi Br&uuml;ssel\u0259 d\u0259v\u0259t edib. APA-n\u0131n x\u0259b\u0259rin\u0259 g&ouml;r\u0259, A\u0130-nin Xarici Siyas\u0259t v\u0259 T\u0259hl&uuml;k\u0259sizlik m\u0259s\u0259l\u0259l\u0259ri &uuml;zr\u0259 Ali N&uuml;may\u0259nd\u0259si Cozef Borel v\u0259 \u0130ran\u0131n Xarici \u0130\u015fl\u0259r&hellip;<\/p>\n","protected":false},"author":1,"featured_media":251278,"comment_status":"open","ping_status":"open","sticky":false,"template":"","format":"standard","meta":{"_lmt_disableupdate":"","_lmt_disable":"","footnotes":""},"categories":[89],"tags":[],"class_list":["post-90906","post","type-post","status-publish","format-standard","has-post-thumbnail","hentry","category-dunya-butun-xeberler"],"_links":{"self":[{"href":"https:\/\/ucnoqta.az\/index.php?rest_route=\/wp\/v2\/posts\/90906","targetHints":{"allow":["GET"]}}],"collection":[{"href":"https:\/\/ucnoqta.az\/index.php?rest_route=\/wp\/v2\/posts"}],"about":[{"href":"https:\/\/ucnoqta.az\/index.php?rest_route=\/wp\/v2\/types\/post"}],"author":[{"embeddable":true,"href":"https:\/\/ucnoqta.az\/index.php?rest_route=\/wp\/v2\/users\/1"}],"replies":[{"embeddable":true,"href":"https:\/\/ucnoqta.az\/index.php?rest_route=%2Fwp%2Fv2%2Fcomments&post=90906"}],"version-history":[{"count":0,"href":"https:\/\/ucnoqta.az\/index.php?rest_route=\/wp\/v2\/posts\/90906\/revisions"}],"wp:featuredmedia":[{"embeddable":true,"href":"https:\/\/ucnoqta.az\/index.php?rest_route=\/wp\/v2\/media\/251278"}],"wp:attachment":[{"href":"https:\/\/ucnoqta.az\/index.php?rest_route=%2Fwp%2Fv2%2Fmedia&parent=90906"}],"wp:term":[{"taxonomy":"category","embeddable":true,"href":"https:\/\/ucnoqta.az\/index.php?rest_route=%2Fwp%2Fv2%2Fcategories&post=90906"},{"taxonomy":"post_tag","embeddable":true,"href":"https:\/\/ucnoqta.az\/index.php?rest_route=%2Fwp%2Fv2%2Ftags&post=90906"}],"curies":[{"name":"wp","href":"https:\/\/api.w.org\/{rel}","templated":true}]}}