{"id":90887,"date":"2020-01-04T18:30:57","date_gmt":"2020-01-04T14:30:57","guid":{"rendered":""},"modified":"-0001-11-30T00:00:00","modified_gmt":"-0001-11-29T20:00:00","slug":"","status":"publish","type":"post","link":"https:\/\/ucnoqta.az\/?p=90887","title":{"rendered":"T\u00fcrkiy\u0259 v\u0259 \u0130ran X\u0130N ba\u015f\u00e7\u0131lar\u0131 aras\u0131nda telefon dan\u0131\u015f\u0131\u011f\u0131 olub"},"content":{"rendered":"<p><strong>T&uuml;rkiy\u0259nin Xarici \u0130\u015fl\u0259r naziri M&ouml;vlud &Ccedil;avu&ccedil;o\u011flu il\u0259 iranl\u0131 h\u0259mkar\u0131 Cavad Z\u0259rif aras\u0131nda telefon dan\u0131\u015f\u0131\u011f\u0131 olub.<\/strong><\/p>\n<p>APA-n\u0131n &ldquo;Milliyet&rdquo;\u0259 istinad\u0259n verdiyi x\u0259b\u0259r\u0259 g&ouml;r\u0259, bu, \u0130ran \u0130nqilab Ke\u015fik&ccedil;il\u0259ri Korpusunun Q&uuml;ds X&uuml;susi Q&uuml;vv\u0259l\u0259rinin r\u0259hb\u0259ri general Qas\u0131m S&uuml;leymani v\u0259 \u0130ran\u0131n himay\u0259darl\u0131q etdiyi Xalq S\u0259f\u0259rb\u0259rlik Q&uuml;vv\u0259l\u0259rinin (XSQ) komandan m&uuml;avini \u018fbu Mehdi \u0259l-M&uuml;h\u0259ndisinin \u0130raqda AB\u015e t\u0259r\u0259find\u0259n &ouml;ld&uuml;r&uuml;lm\u0259sind\u0259n sonra T&uuml;rkiy\u0259 v\u0259 \u0130ran aras\u0131nda \u0259n y&uuml;ks\u0259k s\u0259viyy\u0259d\u0259 dan\u0131\u015f\u0131q say\u0131l\u0131r.<\/p>\n<p>M\u0259lumatda qeyd olunub ki, iki nazir Q. S&uuml;leymaninin &ouml;ld&uuml;r&uuml;lm\u0259si m\u0259s\u0259l\u0259sini dan\u0131\u015f\u0131b.<br \/>\nQeyd ed\u0259k ki, 3-d\u0259 Ba\u011fdad Hava liman\u0131n\u0131n raket z\u0259rb\u0259l\u0259rin\u0259 m\u0259ruz qalmas\u0131 n\u0259tic\u0259sind\u0259 \u0130ran \u0130nqilab Ke\u015fik&ccedil;il\u0259ri Korpusunun Q&uuml;ds X&uuml;susi Q&uuml;vv\u0259l\u0259rinin r\u0259hb\u0259ri general Qas\u0131m S&uuml;leymani v\u0259 \u0130ran\u0131n himay\u0259darl\u0131q etdiyi Xalq S\u0259f\u0259rb\u0259rlik Q&uuml;vv\u0259l\u0259rinin (XSQ) komandan m&uuml;avini \u018fbu Mehdi \u0259l-M&uuml;h\u0259ndisi v\u0259 daha 8 n\u0259f\u0259r &ouml;ld&uuml;r&uuml;l&uuml;b. \u0130ran\u0131n Ali lideri ay\u0259tullah Seyid \u018fli Xamenei general Qas\u0131m S&uuml;leymaninin &ouml;l&uuml;m&uuml; il\u0259 \u0259laq\u0259dar &ouml;lk\u0259d\u0259 3 g&uuml;n mat\u0259m elan edib.<\/p>\n","protected":false},"excerpt":{"rendered":"<p>T&uuml;rkiy\u0259nin Xarici \u0130\u015fl\u0259r naziri M&ouml;vlud &Ccedil;avu&ccedil;o\u011flu il\u0259 iranl\u0131 h\u0259mkar\u0131 Cavad Z\u0259rif aras\u0131nda telefon dan\u0131\u015f\u0131\u011f\u0131 olub. APA-n\u0131n &ldquo;Milliyet&rdquo;\u0259 istinad\u0259n verdiyi x\u0259b\u0259r\u0259 g&ouml;r\u0259, bu, \u0130ran \u0130nqilab Ke\u015fik&ccedil;il\u0259ri Korpusunun Q&uuml;ds X&uuml;susi Q&uuml;vv\u0259l\u0259rinin r\u0259hb\u0259ri&hellip;<\/p>\n","protected":false},"author":1,"featured_media":251278,"comment_status":"open","ping_status":"open","sticky":false,"template":"","format":"standard","meta":{"_lmt_disableupdate":"","_lmt_disable":"","footnotes":""},"categories":[89],"tags":[],"class_list":["post-90887","post","type-post","status-publish","format-standard","has-post-thumbnail","hentry","category-dunya-butun-xeberler"],"_links":{"self":[{"href":"https:\/\/ucnoqta.az\/index.php?rest_route=\/wp\/v2\/posts\/90887","targetHints":{"allow":["GET"]}}],"collection":[{"href":"https:\/\/ucnoqta.az\/index.php?rest_route=\/wp\/v2\/posts"}],"about":[{"href":"https:\/\/ucnoqta.az\/index.php?rest_route=\/wp\/v2\/types\/post"}],"author":[{"embeddable":true,"href":"https:\/\/ucnoqta.az\/index.php?rest_route=\/wp\/v2\/users\/1"}],"replies":[{"embeddable":true,"href":"https:\/\/ucnoqta.az\/index.php?rest_route=%2Fwp%2Fv2%2Fcomments&post=90887"}],"version-history":[{"count":0,"href":"https:\/\/ucnoqta.az\/index.php?rest_route=\/wp\/v2\/posts\/90887\/revisions"}],"wp:featuredmedia":[{"embeddable":true,"href":"https:\/\/ucnoqta.az\/index.php?rest_route=\/wp\/v2\/media\/251278"}],"wp:attachment":[{"href":"https:\/\/ucnoqta.az\/index.php?rest_route=%2Fwp%2Fv2%2Fmedia&parent=90887"}],"wp:term":[{"taxonomy":"category","embeddable":true,"href":"https:\/\/ucnoqta.az\/index.php?rest_route=%2Fwp%2Fv2%2Fcategories&post=90887"},{"taxonomy":"post_tag","embeddable":true,"href":"https:\/\/ucnoqta.az\/index.php?rest_route=%2Fwp%2Fv2%2Ftags&post=90887"}],"curies":[{"name":"wp","href":"https:\/\/api.w.org\/{rel}","templated":true}]}}