{"id":90873,"date":"2020-01-04T09:56:07","date_gmt":"2020-01-04T05:56:07","guid":{"rendered":""},"modified":"-0001-11-30T00:00:00","modified_gmt":"-0001-11-29T20:00:00","slug":"","status":"publish","type":"post","link":"https:\/\/ucnoqta.az\/?p=90873","title":{"rendered":"Oqtay G\u00fclal\u0131yevin s\u0259hh\u0259tind\u0259 ir\u0259lil\u0259yi\u015f var- <font color=red><b>Video<\/b><\/font>"},"content":{"rendered":"<p><strong>T&uuml;rkiy\u0259nin \u0130stanbul \u015f\u0259h\u0259rind\u0259ki Amerika X\u0259st\u0259xanas\u0131nda m&uuml;alic\u0259 alan h&uuml;quq m&uuml;dafi\u0259&ccedil;isi Oqtay G&uuml;lal\u0131yevin s\u0259hh\u0259tind\u0259 ir\u0259lil\u0259yi\u015f var. <\/strong><\/p>\n<p>&ldquo;Qafqazinfo&rdquo; x\u0259b\u0259r verir ki, jurnalist \u018fv\u0259z Zeynall\u0131 Az\u0259rbaycan\u0131n m\u0259rhum prezidenti \u018fb&uuml;lf\u0259z El&ccedil;ib\u0259yin k&uuml;r\u0259k\u0259ni Aqil S\u0259m\u0259db\u0259yli il\u0259 birlikd\u0259 h&uuml;quq m&uuml;dafi\u0259&ccedil;isini ziyar\u0259t edib. &quot;Bu g&uuml;n \u0130stanbulda ya\u015fayan dostumuz Aqil S\u0259m\u0259db\u0259yli il\u0259 birlikd\u0259 h&uuml;quq m&uuml;dafi\u0259&ccedil;isi Oqtay G&uuml;lal\u0131yevi ziyar\u0259t etdik. &Ccedil;ox nikbin ayr\u0131ld\u0131q. Uzun-uzun saz musiqisi dinl\u0259tdik Oqtaya. Bizi hiss el\u0259di, g&ouml;zl\u0259rini a&ccedil;d\u0131, a\u011fz\u0131n\u0131 t\u0259rp\u0259tdi, a&ccedil;d\u0131, \u0259lini oynatd\u0131 &#8211; sanki biziml\u0259 dan\u0131\u015fmaq ist\u0259yirdi. &Uuml;r\u0259yimiz d\u0259f\u0259l\u0259rl\u0259 hoplad\u0131. Oqtay b\u0259y sanki dedikl\u0259rimizi anlay\u0131r, biz\u0259 cavab verm\u0259k ist\u0259yirdi. Onunla xeyli dan\u0131\u015fd\u0131q, s\u0259simizi e\u015fitdi el\u0259 bil, diqq\u0259t k\u0259sildi biz\u0259&quot;, &#8211; dey\u0259 \u018f.Zeynall\u0131 bildirib.<\/p>\n<p>\u200bQeyd ed\u0259k ki, O.G&uuml;lal\u0131yev q\u0259zadan sonra onu vuran s&uuml;r&uuml;c&uuml; K\u0259nan Abdullayev t\u0259r\u0259find\u0259n &ldquo;Sema\u015fko&rdquo;ya apar\u0131l\u0131b, oradan is\u0259 &ldquo;City Hospital&rdquo; x\u0259st\u0259xanas\u0131na apar\u0131laraq \u0259m\u0259liyyat olunub. Komada oldu\u011fu &uuml;&ccedil;&uuml;n ail\u0259sinin ist\u0259yi il\u0259 Heyd\u0259r \u018fliyev Fondunun yard\u0131m\u0131 \u0259sas\u0131nda m&uuml;alic\u0259sinin T&uuml;rkiy\u0259d\u0259 davam etdirilm\u0259sin\u0259 q\u0259rar verilib.<\/p>\n<p><iframe allow=\"accelerometer; autoplay; encrypted-media; gyroscope; picture-in-picture\" allowfullscreen=\"\" frameborder=\"0\" height=\"315\" src=\"https:\/\/www.youtube.com\/embed\/Ch6EmywxSNA\" width=\"560\"><\/iframe><\/p>\n","protected":false},"excerpt":{"rendered":"<p>T&uuml;rkiy\u0259nin \u0130stanbul \u015f\u0259h\u0259rind\u0259ki Amerika X\u0259st\u0259xanas\u0131nda m&uuml;alic\u0259 alan h&uuml;quq m&uuml;dafi\u0259&ccedil;isi Oqtay G&uuml;lal\u0131yevin s\u0259hh\u0259tind\u0259 ir\u0259lil\u0259yi\u015f var. &ldquo;Qafqazinfo&rdquo; x\u0259b\u0259r verir ki, jurnalist \u018fv\u0259z Zeynall\u0131 Az\u0259rbaycan\u0131n m\u0259rhum prezidenti \u018fb&uuml;lf\u0259z El&ccedil;ib\u0259yin k&uuml;r\u0259k\u0259ni Aqil S\u0259m\u0259db\u0259yli il\u0259&hellip;<\/p>\n","protected":false},"author":1,"featured_media":251278,"comment_status":"open","ping_status":"open","sticky":false,"template":"","format":"standard","meta":{"_lmt_disableupdate":"","_lmt_disable":"","footnotes":""},"categories":[],"tags":[],"class_list":["post-90873","post","type-post","status-publish","format-standard","has-post-thumbnail","hentry"],"_links":{"self":[{"href":"https:\/\/ucnoqta.az\/index.php?rest_route=\/wp\/v2\/posts\/90873","targetHints":{"allow":["GET"]}}],"collection":[{"href":"https:\/\/ucnoqta.az\/index.php?rest_route=\/wp\/v2\/posts"}],"about":[{"href":"https:\/\/ucnoqta.az\/index.php?rest_route=\/wp\/v2\/types\/post"}],"author":[{"embeddable":true,"href":"https:\/\/ucnoqta.az\/index.php?rest_route=\/wp\/v2\/users\/1"}],"replies":[{"embeddable":true,"href":"https:\/\/ucnoqta.az\/index.php?rest_route=%2Fwp%2Fv2%2Fcomments&post=90873"}],"version-history":[{"count":0,"href":"https:\/\/ucnoqta.az\/index.php?rest_route=\/wp\/v2\/posts\/90873\/revisions"}],"wp:featuredmedia":[{"embeddable":true,"href":"https:\/\/ucnoqta.az\/index.php?rest_route=\/wp\/v2\/media\/251278"}],"wp:attachment":[{"href":"https:\/\/ucnoqta.az\/index.php?rest_route=%2Fwp%2Fv2%2Fmedia&parent=90873"}],"wp:term":[{"taxonomy":"category","embeddable":true,"href":"https:\/\/ucnoqta.az\/index.php?rest_route=%2Fwp%2Fv2%2Fcategories&post=90873"},{"taxonomy":"post_tag","embeddable":true,"href":"https:\/\/ucnoqta.az\/index.php?rest_route=%2Fwp%2Fv2%2Ftags&post=90873"}],"curies":[{"name":"wp","href":"https:\/\/api.w.org\/{rel}","templated":true}]}}