{"id":90871,"date":"2020-01-04T01:21:26","date_gmt":"2020-01-03T21:21:26","guid":{"rendered":""},"modified":"-0001-11-30T00:00:00","modified_gmt":"-0001-11-29T20:00:00","slug":"","status":"publish","type":"post","link":"https:\/\/ucnoqta.az\/?p=90871","title":{"rendered":"Tramp \u0130ran general\u0131n\u0131n \u00f6ld\u00fcr\u00fclm\u0259sind\u0259n <font color=red><b>Dan\u0131\u015fd\u0131: &#8220;\u00c7oxdan etm\u0259k laz\u0131m idi&#8221;<\/b><\/font>"},"content":{"rendered":"<p>AB\u015e prezidenti Donald Tramp bildirib ki, Birl\u0259\u015fmi\u015f \u015etatlar \u0130ran general\u0131 Qas\u0131m S\u00fcleymanini \u00f6ld\u00fcr\u0259r\u0259k m\u00fcharib\u0259ni ba\u015flama\u011fa yox, dayand\u0131rma\u011fa \u00e7al\u0131\u015f\u0131b.<\/p>\n<p>\u201cReport\u201d x\u0259b\u0259r verir ki, bu bar\u0259d\u0259 R\u0130A \u201cNovosti\u201d m\u0259lumat yay\u0131b.<\/p>\n<p>&#8220;Biz d\u00fcn\u0259n t\u0259\u015f\u0259bb\u00fcs etdik ki, m\u00fcharib\u0259ni dayand\u0131raq. Biz ona g\u00f6r\u0259 t\u0259\u015f\u0259bb\u00fcs etm\u0259dik ki, m\u00fcharib\u0259y\u0259 ba\u015flayaq&#8221;, &#8211; Tramp yerli televiziyadak\u0131 \u00e7\u0131x\u0131\u015f\u0131nda bildirib.<\/p>\n<p>O, h\u0259m\u00e7inin S\u00fcleymanini terror aktlar\u0131nda ittiham edib.<\/p>\n<p>&#8220;G\u00fcnahs\u0131z insanlar\u0131n \u00f6l\u00fcm\u00fc Suleymaninin qeyri-sa\u011flam ehtiras\u0131 idi. O, Nyu-Dehlid\u0259n Londona q\u0259d\u0259r terror aktlar\u0131na t\u00f6hf\u0259 verirdi. Bu g\u00fcn S\u00fcleymaninin bir \u00e7ox v\u0259h\u015filikl\u0259rinin qurbanlar\u0131n\u0131 yada sal\u0131r\u0131q v\u0259 onunla t\u0259s\u0259lli tap\u0131r\u0131q ki, onun terrora \u0259saslanan onun idar\u0259\u00e7iliyi bitdi. S\u00fcleymani son 20 il boyunca Yax\u0131n \u015e\u0259rqin sabitliyi pozmaq \u00fc\u00e7\u00fcn terror aktlar\u0131 t\u0259\u015fkil edirdi. Onu ki, biz d\u00fcn\u0259n etdik, \u00e7oxdan etm\u0259k laz\u0131m idi, &#8211; Tramp bildirib.<\/p>\n","protected":false},"excerpt":{"rendered":"<p>AB\u015e prezidenti Donald Tramp bildirib ki, Birl\u0259\u015fmi\u015f \u015etatlar \u0130ran general\u0131 Qas\u0131m S\u00fcleymanini \u00f6ld\u00fcr\u0259r\u0259k m\u00fcharib\u0259ni ba\u015flama\u011fa yox, dayand\u0131rma\u011fa \u00e7al\u0131\u015f\u0131b. \u201cReport\u201d x\u0259b\u0259r verir ki, bu bar\u0259d\u0259 R\u0130A \u201cNovosti\u201d m\u0259lumat yay\u0131b. &#8220;Biz d\u00fcn\u0259n&hellip;<\/p>\n","protected":false},"author":1,"featured_media":251278,"comment_status":"open","ping_status":"open","sticky":false,"template":"","format":"standard","meta":{"_lmt_disableupdate":"","_lmt_disable":"","footnotes":""},"categories":[89],"tags":[],"class_list":["post-90871","post","type-post","status-publish","format-standard","has-post-thumbnail","hentry","category-dunya-butun-xeberler"],"_links":{"self":[{"href":"https:\/\/ucnoqta.az\/index.php?rest_route=\/wp\/v2\/posts\/90871","targetHints":{"allow":["GET"]}}],"collection":[{"href":"https:\/\/ucnoqta.az\/index.php?rest_route=\/wp\/v2\/posts"}],"about":[{"href":"https:\/\/ucnoqta.az\/index.php?rest_route=\/wp\/v2\/types\/post"}],"author":[{"embeddable":true,"href":"https:\/\/ucnoqta.az\/index.php?rest_route=\/wp\/v2\/users\/1"}],"replies":[{"embeddable":true,"href":"https:\/\/ucnoqta.az\/index.php?rest_route=%2Fwp%2Fv2%2Fcomments&post=90871"}],"version-history":[{"count":0,"href":"https:\/\/ucnoqta.az\/index.php?rest_route=\/wp\/v2\/posts\/90871\/revisions"}],"wp:featuredmedia":[{"embeddable":true,"href":"https:\/\/ucnoqta.az\/index.php?rest_route=\/wp\/v2\/media\/251278"}],"wp:attachment":[{"href":"https:\/\/ucnoqta.az\/index.php?rest_route=%2Fwp%2Fv2%2Fmedia&parent=90871"}],"wp:term":[{"taxonomy":"category","embeddable":true,"href":"https:\/\/ucnoqta.az\/index.php?rest_route=%2Fwp%2Fv2%2Fcategories&post=90871"},{"taxonomy":"post_tag","embeddable":true,"href":"https:\/\/ucnoqta.az\/index.php?rest_route=%2Fwp%2Fv2%2Ftags&post=90871"}],"curies":[{"name":"wp","href":"https:\/\/api.w.org\/{rel}","templated":true}]}}