{"id":90868,"date":"2020-01-03T19:06:55","date_gmt":"2020-01-03T15:06:55","guid":{"rendered":""},"modified":"-0001-11-30T00:00:00","modified_gmt":"-0001-11-29T20:00:00","slug":"","status":"publish","type":"post","link":"https:\/\/ucnoqta.az\/?p=90868","title":{"rendered":"Qo\u015fulub qa\u00e7an qudalar: <font color=red><b>&#8220;Bizi axtarma\u011fa ehtiyac yoxdur&#8221;<\/b><\/font>"},"content":{"rendered":"<p><strong>A\u011fda\u015f rayonunda&nbsp;qohum olma\u011fa haz\u0131rla\u015fan qudalar qo\u015fulub qa&ccedil;\u0131blar.<\/strong><\/p>\n<p>Hadis\u0259 rayonun K&uuml;k\u0259l k\u0259ndind\u0259 qeyd\u0259 al\u0131n\u0131b.Bel\u0259 ki, rayonun \u018fr\u0259b k\u0259ndind\u0259 m\u0259skunla\u015fan, \u015eu\u015fa rayonundan olan m\u0259cburi k&ouml;&ccedil;k&uuml;n, 1975-ci il t\u0259v\u0259ll&uuml;dl&uuml;&nbsp;Rizvan Nizami o\u011flu&nbsp;\u018fliyev q\u0131z\u0131n\u0131n ni\u015fanl\u0131s\u0131n\u0131n anas\u0131, rayonun K&uuml;k\u0259l k\u0259nd sakini, 1970-ci il t\u0259v\u0259ll&uuml;dl&uuml; Yaqut \u0130sm\u0259t q\u0131z\u0131 &Ouml;m\u0259rova il\u0259 birlikd\u0259 evl\u0259nm\u0259k m\u0259qs\u0259di il\u0259&nbsp;qa&ccedil;\u0131blar.<\/p>\n<p>M\u0259lumata g&ouml;r\u0259, R.\u018fliyevin arvad\u0131 q\u0131z\u0131 il\u0259 bir ildir ki, ni\u015fanl\u0131 olan k&uuml;r\u0259k\u0259ninin anas\u0131 Y.&Ouml;m\u0259rovadan&nbsp;onun \u0259rin\u0259 sevgi mesajlar\u0131n\u0131n g\u0259ldiyini g&ouml;r&uuml;b. Daha sonra \u0259rini izl\u0259yib. M\u0259lum olub ki, k&uuml;r\u0259k\u0259ninin anas\u0131 R.\u018fliyev qudas\u0131&nbsp;Y.&Ouml;m\u0259rova il\u0259 tez-tez g&ouml;r&uuml;\u015f&uuml;rl\u0259rmi\u015f.&nbsp;Bu hadis\u0259d\u0259n sonra dekabr\u0131n 28-d\u0259&nbsp;qudalar aras\u0131nda m&uuml;bahis\u0259 yaran\u0131b v\u0259 mart ay\u0131nda toylar\u0131 planla\u015fd\u0131r\u0131lan&nbsp;ni\u015fanl\u0131 c&uuml;tl&uuml;k ayr\u0131l\u0131b. Dekabr\u0131n 29-da is\u0259 q\u0131z\u0131n atas\u0131 o\u011flan\u0131n anas\u0131 il\u0259 birlikd\u0259 qa&ccedil;\u0131b.&nbsp; &nbsp;<\/p>\n<p>Rayonun K&uuml;k\u0259l k\u0259nd b\u0259l\u0259diyy\u0259sinin s\u0259dri&nbsp;\u0130ttifaq \u015e\u0259rifov &quot;Report&quot;a bildirib ki, qudalar\u0131n \u0259vv\u0259ll\u0259r bir-biri il\u0259 \u0259laq\u0259l\u0259ri olub: &quot;B&uuml;t&uuml;n k\u0259nd \u015fokdad\u0131r, olan ni\u015fanl\u0131 g\u0259ncl\u0259r\u0259 oldu. Onlar g\u0259r\u0259k bel\u0259 bir add\u0131m atmayayd\u0131lar. Bildiyim\u0259 g&ouml;r\u0259,&nbsp;h\u0259r iki t\u0259r\u0259fin yax\u0131nlar\u0131&nbsp;A\u011fda\u015f Rayon Polis \u015e&ouml;b\u0259sin\u0259&nbsp;m&uuml;raci\u0259t edibl\u0259r&quot;.<\/p>\n<p>&quot;Report&quot;un Yuxar\u0131 \u015eirvan b&uuml;rosunun m&uuml;xbiri k&uuml;r\u0259k\u0259ninin anas\u0131n\u0131 qa&ccedil;\u0131ran R.\u018fliyevl\u0259 \u0259laq\u0259 saxlay\u0131b.<br \/>\nR.\u018fliyev bildirib ki, onlar bir-biril\u0259rini sevdiyi &uuml;&ccedil;&uuml;n qa&ccedil;\u0131blar: &quot;Biz &ouml;vladlar\u0131m\u0131z\u0131n ail\u0259 qurmas\u0131n\u0131 ist\u0259mirdik. &Ccedil;&uuml;nki m\u0259n Yaqutu sevir\u0259m, o da m\u0259ni sevir. Bizi axtarma\u011fa&nbsp;ehtiyac yoxdur. Bundan kim\u0259 n\u0259?!&quot;<\/p>\n","protected":false},"excerpt":{"rendered":"<p>A\u011fda\u015f rayonunda&nbsp;qohum olma\u011fa haz\u0131rla\u015fan qudalar qo\u015fulub qa&ccedil;\u0131blar. Hadis\u0259 rayonun K&uuml;k\u0259l k\u0259ndind\u0259 qeyd\u0259 al\u0131n\u0131b.Bel\u0259 ki, rayonun \u018fr\u0259b k\u0259ndind\u0259 m\u0259skunla\u015fan, \u015eu\u015fa rayonundan olan m\u0259cburi k&ouml;&ccedil;k&uuml;n, 1975-ci il t\u0259v\u0259ll&uuml;dl&uuml;&nbsp;Rizvan Nizami o\u011flu&nbsp;\u018fliyev q\u0131z\u0131n\u0131n ni\u015fanl\u0131s\u0131n\u0131n&hellip;<\/p>\n","protected":false},"author":1,"featured_media":251278,"comment_status":"open","ping_status":"open","sticky":false,"template":"","format":"standard","meta":{"_lmt_disableupdate":"","_lmt_disable":"","footnotes":""},"categories":[],"tags":[],"class_list":["post-90868","post","type-post","status-publish","format-standard","has-post-thumbnail","hentry"],"_links":{"self":[{"href":"https:\/\/ucnoqta.az\/index.php?rest_route=\/wp\/v2\/posts\/90868","targetHints":{"allow":["GET"]}}],"collection":[{"href":"https:\/\/ucnoqta.az\/index.php?rest_route=\/wp\/v2\/posts"}],"about":[{"href":"https:\/\/ucnoqta.az\/index.php?rest_route=\/wp\/v2\/types\/post"}],"author":[{"embeddable":true,"href":"https:\/\/ucnoqta.az\/index.php?rest_route=\/wp\/v2\/users\/1"}],"replies":[{"embeddable":true,"href":"https:\/\/ucnoqta.az\/index.php?rest_route=%2Fwp%2Fv2%2Fcomments&post=90868"}],"version-history":[{"count":0,"href":"https:\/\/ucnoqta.az\/index.php?rest_route=\/wp\/v2\/posts\/90868\/revisions"}],"wp:featuredmedia":[{"embeddable":true,"href":"https:\/\/ucnoqta.az\/index.php?rest_route=\/wp\/v2\/media\/251278"}],"wp:attachment":[{"href":"https:\/\/ucnoqta.az\/index.php?rest_route=%2Fwp%2Fv2%2Fmedia&parent=90868"}],"wp:term":[{"taxonomy":"category","embeddable":true,"href":"https:\/\/ucnoqta.az\/index.php?rest_route=%2Fwp%2Fv2%2Fcategories&post=90868"},{"taxonomy":"post_tag","embeddable":true,"href":"https:\/\/ucnoqta.az\/index.php?rest_route=%2Fwp%2Fv2%2Ftags&post=90868"}],"curies":[{"name":"wp","href":"https:\/\/api.w.org\/{rel}","templated":true}]}}