{"id":90866,"date":"2020-01-03T17:57:00","date_gmt":"2020-01-03T13:57:00","guid":{"rendered":""},"modified":"-0001-11-30T00:00:00","modified_gmt":"-0001-11-29T20:00:00","slug":"","status":"publish","type":"post","link":"https:\/\/ucnoqta.az\/?p=90866","title":{"rendered":"S\u00fcleymaninin \u00f6ld\u00fcr\u00fclm\u0259sind\u0259n sonra Trampdan ilk <font color=red><b>A\u00e7\u0131qlama: \u201c\u0130ran &#8230;\u201d<\/b><\/font>"},"content":{"rendered":"<p><strong>Donald Tramp general Qas\u0131m S&uuml;leymaninin &ouml;ld&uuml;r&uuml;lm\u0259sind\u0259n sonra ilk d\u0259f\u0259 bu bar\u0259d\u0259 fikirl\u0259rini b\u0259yan edib.<\/strong><\/p>\n<p>Bu bar\u0259d\u0259 x\u0259b\u0259ri &ldquo;CNNT&uuml;rk&rdquo; yay\u0131b. X\u0259b\u0259rd\u0259 bildirilir ki, AB\u015e Prezidenti &ldquo;\u0130ran he&ccedil; vaxt m&uuml;harib\u0259d\u0259 qalib g\u0259lm\u0259di, eyni zamanda, m&uuml;zakir\u0259l\u0259rd\u0259 d\u0259 m\u0259\u011flub olmad\u0131&rdquo;, &#8211; deyib.<\/p>\n<p>Qeyd ed\u0259k ki, \u0130ran \u0130slam \u0130nqilab\u0131 Ke\u015fik&ccedil;il\u04d9r Korpusunun (SEPAH) &ldquo;\u018fl Q&uuml;ds&rdquo; x&uuml;susi t\u0259yinatl\u0131 q&uuml;vv\u0259l\u0259rinin komandan\u0131 olmu\u015f general Qas\u0131m S&uuml;leymani yanvar\u0131n 3-d\u0259 AB\u015e h\u0259rbi q&uuml;vv\u0259l\u0259rinin Ba\u011fdadda endirdiyi aviaz\u0259rb\u0259l\u0259r n\u0259tic\u0259sind\u0259 &ouml;ld&uuml;r&uuml;l&uuml;b.\/oxu.az<\/p>\n","protected":false},"excerpt":{"rendered":"<p>Donald Tramp general Qas\u0131m S&uuml;leymaninin &ouml;ld&uuml;r&uuml;lm\u0259sind\u0259n sonra ilk d\u0259f\u0259 bu bar\u0259d\u0259 fikirl\u0259rini b\u0259yan edib. Bu bar\u0259d\u0259 x\u0259b\u0259ri &ldquo;CNNT&uuml;rk&rdquo; yay\u0131b. X\u0259b\u0259rd\u0259 bildirilir ki, AB\u015e Prezidenti &ldquo;\u0130ran he&ccedil; vaxt m&uuml;harib\u0259d\u0259 qalib g\u0259lm\u0259di,&hellip;<\/p>\n","protected":false},"author":1,"featured_media":251278,"comment_status":"open","ping_status":"open","sticky":false,"template":"","format":"standard","meta":{"_lmt_disableupdate":"","_lmt_disable":"","footnotes":""},"categories":[89],"tags":[],"class_list":["post-90866","post","type-post","status-publish","format-standard","has-post-thumbnail","hentry","category-dunya-butun-xeberler"],"_links":{"self":[{"href":"https:\/\/ucnoqta.az\/index.php?rest_route=\/wp\/v2\/posts\/90866","targetHints":{"allow":["GET"]}}],"collection":[{"href":"https:\/\/ucnoqta.az\/index.php?rest_route=\/wp\/v2\/posts"}],"about":[{"href":"https:\/\/ucnoqta.az\/index.php?rest_route=\/wp\/v2\/types\/post"}],"author":[{"embeddable":true,"href":"https:\/\/ucnoqta.az\/index.php?rest_route=\/wp\/v2\/users\/1"}],"replies":[{"embeddable":true,"href":"https:\/\/ucnoqta.az\/index.php?rest_route=%2Fwp%2Fv2%2Fcomments&post=90866"}],"version-history":[{"count":0,"href":"https:\/\/ucnoqta.az\/index.php?rest_route=\/wp\/v2\/posts\/90866\/revisions"}],"wp:featuredmedia":[{"embeddable":true,"href":"https:\/\/ucnoqta.az\/index.php?rest_route=\/wp\/v2\/media\/251278"}],"wp:attachment":[{"href":"https:\/\/ucnoqta.az\/index.php?rest_route=%2Fwp%2Fv2%2Fmedia&parent=90866"}],"wp:term":[{"taxonomy":"category","embeddable":true,"href":"https:\/\/ucnoqta.az\/index.php?rest_route=%2Fwp%2Fv2%2Fcategories&post=90866"},{"taxonomy":"post_tag","embeddable":true,"href":"https:\/\/ucnoqta.az\/index.php?rest_route=%2Fwp%2Fv2%2Ftags&post=90866"}],"curies":[{"name":"wp","href":"https:\/\/api.w.org\/{rel}","templated":true}]}}