{"id":90865,"date":"2020-01-03T16:35:55","date_gmt":"2020-01-03T12:35:55","guid":{"rendered":""},"modified":"-0001-11-30T00:00:00","modified_gmt":"-0001-11-29T20:00:00","slug":"","status":"publish","type":"post","link":"https:\/\/ucnoqta.az\/?p=90865","title":{"rendered":"Senatorlar S\u00fcleymaninin \u00f6l\u00fcm\u00fcn\u0259 g\u00f6r\u0259 Tramp\u0131 t\u0259nqid etdil\u0259r"},"content":{"rendered":"<p><strong>AB\u015e-\u0131n&nbsp;\u0130ran general\u0131&nbsp;Qas\u0131m S&uuml;leymanini \u0130raqda &ouml;ld&uuml;rm\u0259si &ouml;lk\u0259d\u0259 ciddi m&uuml;zakir\u0259l\u0259r\u0259 s\u0259b\u0259b olub.<\/strong><\/p>\n<p>Demokrat senatorlar Tramp administrasiyas\u0131n\u0131 bu q\u0259rar\u0131 verm\u0259d\u0259n &ouml;nc\u0259 Konqresl\u0259 m&uuml;zakir\u0259 aparmamas\u0131n\u0131 t\u0259nqid edibl\u0259r. Onlar bu bar\u0259d\u0259 Tvitter hesablar\u0131nda yaz\u0131blar. Senator Kris M&ouml;rfi bildirib ki, general S&uuml;leymaninin AB\u015e-\u0131n d&uuml;\u015fm\u0259ni oldu\u011fu h\u0259r k\u0259s\u0259 b\u0259lli idi:<\/p>\n<p>&quot;Bizim &uuml;mumi olaraq xarici siyasi fiqurlar\u0131 &ouml;ld&uuml;rm\u0259m\u0259yimizin m\u0259qs\u0259di bunun daha &ccedil;ox amerikal\u0131n\u0131n &ouml;lm\u0259sin\u0259 s\u0259b\u0259b olaca\u011f\u0131na inanma\u011f\u0131m\u0131zd\u0131r&quot;.<br \/>\nDig\u0259r senator Ri&ccedil;ard Blumenthal qeyd edib ki, Tramp bu h&uuml;cumla ba\u011fl\u0131 Konqres\u0259 v\u0259 Amerika xalq\u0131na a&ccedil;\u0131qlama verm\u0259lidir:<\/p>\n<p>&quot;H\u0259rbi g&uuml;cd\u0259n istifad\u0259 etm\u0259k s\u0259lahiyy\u0259ti yeni m&uuml;harib\u0259nin ba\u015flanmas\u0131na s\u0259b\u0259b olmamal\u0131d\u0131r. \u018fn b&ouml;y&uuml;k narahatl\u0131\u011f\u0131m h\u0259min b&ouml;lg\u0259d\u0259 xidm\u0259t ed\u0259n amerikal\u0131lar\u0131n t\u0259hl&uuml;k\u0259sizliyi il\u0259 ba\u011fl\u0131d\u0131r&quot;.<br \/>\nSenator Tom Udal Tramp\u0131n Amerika xalq\u0131n\u0131n yeni m&uuml;harib\u0259nin ba\u015flan\u011f\u0131c\u0131na g\u0259tirdiyini deyib:<br \/>\n&quot;\u0130ranla qeyri-qanuni m&uuml;harib\u0259nin qar\u015f\u0131s\u0131n\u0131 almaq &uuml;&ccedil;&uuml;n Konqres t\u0259cili toplanmal\u0131 v\u0259 bununla ba\u011fl\u0131 qanun q\u0259bul etm\u0259lidir&quot;.<\/p>\n<p>Konqres &uuml;zv&uuml; Tom Karper is\u0259 Tramp administrasiyas\u0131n\u0131n \u0130rana qar\u015f\u0131 daim t\u0259xribat xarakterli add\u0131mlar atd\u0131\u011f\u0131n\u0131 a&ccedil;\u0131qlay\u0131b:<br \/>\n&quot;Bu gec\u0259 ba\u015f ver\u0259nl\u0259r d\u0259 bunlardan biridir&quot;.<br \/>\nQeyd ed\u0259k ki,&nbsp;\u0130ran \u0130nqilab\u0131 Ke\u015fik&ccedil;il\u0259ri Qvardiyas\u0131 (&ldquo;Sepah&rdquo;) &ldquo;Quds&rdquo; qanad\u0131n\u0131n komandan\u0131,&nbsp;general Qas\u0131m S&uuml;leymani AB\u015e-\u0131n Ba\u011fdad\u0131n hava liman\u0131na endirdiyi raket z\u0259rb\u0259l\u0259ri n\u0259tic\u0259sind\u0259&nbsp;&ouml;ld&uuml;r&uuml;l&uuml;b. \u0130ran\u0131n ali dini lideri Ay\u0259tullah \u018fli Xamenei&nbsp;Q.S&uuml;leymaninin &ouml;ld&uuml;r&uuml;lm\u0259sin\u0259 g&ouml;r\u0259 qisas alacaqlar\u0131n\u0131&nbsp;s&ouml;z verib.&nbsp;AB\u015e silahl\u0131 q&uuml;vv\u0259l\u0259ri y&uuml;ks\u0259k d&ouml;y&uuml;\u015f haz\u0131rl\u0131\u011f\u0131na&nbsp;g\u0259tirilib.\/qafqazinfo<\/p>\n","protected":false},"excerpt":{"rendered":"<p>AB\u015e-\u0131n&nbsp;\u0130ran general\u0131&nbsp;Qas\u0131m S&uuml;leymanini \u0130raqda &ouml;ld&uuml;rm\u0259si &ouml;lk\u0259d\u0259 ciddi m&uuml;zakir\u0259l\u0259r\u0259 s\u0259b\u0259b olub. Demokrat senatorlar Tramp administrasiyas\u0131n\u0131 bu q\u0259rar\u0131 verm\u0259d\u0259n &ouml;nc\u0259 Konqresl\u0259 m&uuml;zakir\u0259 aparmamas\u0131n\u0131 t\u0259nqid edibl\u0259r. Onlar bu bar\u0259d\u0259 Tvitter hesablar\u0131nda yaz\u0131blar. Senator&hellip;<\/p>\n","protected":false},"author":1,"featured_media":251278,"comment_status":"open","ping_status":"open","sticky":false,"template":"","format":"standard","meta":{"_lmt_disableupdate":"","_lmt_disable":"","footnotes":""},"categories":[89],"tags":[],"class_list":["post-90865","post","type-post","status-publish","format-standard","has-post-thumbnail","hentry","category-dunya-butun-xeberler"],"_links":{"self":[{"href":"https:\/\/ucnoqta.az\/index.php?rest_route=\/wp\/v2\/posts\/90865","targetHints":{"allow":["GET"]}}],"collection":[{"href":"https:\/\/ucnoqta.az\/index.php?rest_route=\/wp\/v2\/posts"}],"about":[{"href":"https:\/\/ucnoqta.az\/index.php?rest_route=\/wp\/v2\/types\/post"}],"author":[{"embeddable":true,"href":"https:\/\/ucnoqta.az\/index.php?rest_route=\/wp\/v2\/users\/1"}],"replies":[{"embeddable":true,"href":"https:\/\/ucnoqta.az\/index.php?rest_route=%2Fwp%2Fv2%2Fcomments&post=90865"}],"version-history":[{"count":0,"href":"https:\/\/ucnoqta.az\/index.php?rest_route=\/wp\/v2\/posts\/90865\/revisions"}],"wp:featuredmedia":[{"embeddable":true,"href":"https:\/\/ucnoqta.az\/index.php?rest_route=\/wp\/v2\/media\/251278"}],"wp:attachment":[{"href":"https:\/\/ucnoqta.az\/index.php?rest_route=%2Fwp%2Fv2%2Fmedia&parent=90865"}],"wp:term":[{"taxonomy":"category","embeddable":true,"href":"https:\/\/ucnoqta.az\/index.php?rest_route=%2Fwp%2Fv2%2Fcategories&post=90865"},{"taxonomy":"post_tag","embeddable":true,"href":"https:\/\/ucnoqta.az\/index.php?rest_route=%2Fwp%2Fv2%2Ftags&post=90865"}],"curies":[{"name":"wp","href":"https:\/\/api.w.org\/{rel}","templated":true}]}}