{"id":90861,"date":"2020-01-03T15:30:33","date_gmt":"2020-01-03T11:30:33","guid":{"rendered":""},"modified":"-0001-11-30T00:00:00","modified_gmt":"-0001-11-29T20:00:00","slug":"","status":"publish","type":"post","link":"https:\/\/ucnoqta.az\/?p=90861","title":{"rendered":"S\u00fcleymaninin yerin\u0259 yeni komandan t\u04d9yin edilib"},"content":{"rendered":"<p>\u0130ran\u0131n dini lideri \u0130slam \u0130nqilab\u0131 Ke\u015fik\u00e7il\u04d9r Korpusu SEPAH-\u0131n Q\u00fcds q\u00fcvv\u04d9l\u04d9rin\u04d9 yeni komandan t\u04d9yin edib. Bu, \u0130ran\u0131n dini lideri Ay\u04d9tulla Seyid \u04d8li Xamneyinin f\u04d9rman\u0131nda qeyd olunub.<\/p>\n<p>Bu bar\u04d9d\u04d9 Trend Fars informasiya agentliyin\u04d9 istinad\u04d9n m\u04d9lumat verib.<\/p>\n<p>\u0130ran\u0131n dini liderinin f\u04d9rman\u0131nda bildirilir ki, general Qasim S\u00fcleymaninin q\u04d9tl\u04d9 yetirilm\u04d9sind\u04d9n sonra, general \u0130smay\u0131l Qaani Q\u00fcds q\u00fcvv\u04d9l\u04d9rinin komandan\u0131 t\u04d9yin olunur.<\/p>\n<p>F\u04d9rmanda deyilir ki, SEPAH-\u0131n ali komandanlar\u0131ndan olan Qaani S\u00fcleymani il\u04d9 birlikd\u04d9 uzun ill\u04d9r regionda xidm\u04d9t edib.<\/p>\n<p>\u0130smay\u0131l Qaani S\u00fcleymaninin Q\u00fcds q\u00fcvv\u04d9l\u04d9rind\u04d9ki r\u04d9is \u04d9v\u04d9zi idi.<\/p>\n<p>Xat\u0131rladaq ki, yanvar\u0131n 3-d\u0259 Ba\u011fdad Hava liman\u0131n\u0131n raket z\u0259rb\u0259l\u0259rin\u0259 m\u0259ruz qalmas\u0131 n\u0259tic\u0259sind\u0259 \u0130ran \u0130nqilab Ke\u015fik\u00e7il\u0259ri Korpusunun Q\u00fcds X\u00fcsusi Q\u00fcvv\u0259l\u0259rinin r\u0259hb\u0259ri general Qas\u0131m S\u00fcleymani \u00f6ld\u00fcr\u00fcl\u00fcb. Pentaqon general\u0131n \u00f6ld\u00fcr\u00fclm\u0259sin\u0259 g\u00f6r\u0259 m\u0259suliyy\u0259ti \u00f6z \u00fcz\u0259rin\u0259 g\u00f6t\u00fcr\u00fcb.<\/p>\n<p>Qeyd edilir ki, \u0259m\u0259liyyat\u0131n m\u0259qs\u0259di g\u0259l\u0259c\u0259kd\u0259 \u0130ran t\u0259r\u0259find\u0259n h\u00fccumlar\u0131n qar\u015f\u0131s\u0131n\u0131 almaq olub.<\/p>\n","protected":false},"excerpt":{"rendered":"<p>\u0130ran\u0131n dini lideri \u0130slam \u0130nqilab\u0131 Ke\u015fik\u00e7il\u04d9r Korpusu SEPAH-\u0131n Q\u00fcds q\u00fcvv\u04d9l\u04d9rin\u04d9 yeni komandan t\u04d9yin edib. Bu, \u0130ran\u0131n dini lideri Ay\u04d9tulla Seyid \u04d8li Xamneyinin f\u04d9rman\u0131nda qeyd olunub. Bu bar\u04d9d\u04d9 Trend Fars informasiya&hellip;<\/p>\n","protected":false},"author":1,"featured_media":251278,"comment_status":"open","ping_status":"open","sticky":false,"template":"","format":"standard","meta":{"_lmt_disableupdate":"","_lmt_disable":"","footnotes":""},"categories":[89],"tags":[],"class_list":["post-90861","post","type-post","status-publish","format-standard","has-post-thumbnail","hentry","category-dunya-butun-xeberler"],"_links":{"self":[{"href":"https:\/\/ucnoqta.az\/index.php?rest_route=\/wp\/v2\/posts\/90861","targetHints":{"allow":["GET"]}}],"collection":[{"href":"https:\/\/ucnoqta.az\/index.php?rest_route=\/wp\/v2\/posts"}],"about":[{"href":"https:\/\/ucnoqta.az\/index.php?rest_route=\/wp\/v2\/types\/post"}],"author":[{"embeddable":true,"href":"https:\/\/ucnoqta.az\/index.php?rest_route=\/wp\/v2\/users\/1"}],"replies":[{"embeddable":true,"href":"https:\/\/ucnoqta.az\/index.php?rest_route=%2Fwp%2Fv2%2Fcomments&post=90861"}],"version-history":[{"count":0,"href":"https:\/\/ucnoqta.az\/index.php?rest_route=\/wp\/v2\/posts\/90861\/revisions"}],"wp:featuredmedia":[{"embeddable":true,"href":"https:\/\/ucnoqta.az\/index.php?rest_route=\/wp\/v2\/media\/251278"}],"wp:attachment":[{"href":"https:\/\/ucnoqta.az\/index.php?rest_route=%2Fwp%2Fv2%2Fmedia&parent=90861"}],"wp:term":[{"taxonomy":"category","embeddable":true,"href":"https:\/\/ucnoqta.az\/index.php?rest_route=%2Fwp%2Fv2%2Fcategories&post=90861"},{"taxonomy":"post_tag","embeddable":true,"href":"https:\/\/ucnoqta.az\/index.php?rest_route=%2Fwp%2Fv2%2Ftags&post=90861"}],"curies":[{"name":"wp","href":"https:\/\/api.w.org\/{rel}","templated":true}]}}