{"id":90858,"date":"2020-01-03T14:15:50","date_gmt":"2020-01-03T10:15:50","guid":{"rendered":""},"modified":"-0001-11-30T00:00:00","modified_gmt":"-0001-11-29T20:00:00","slug":"","status":"publish","type":"post","link":"https:\/\/ucnoqta.az\/?p=90858","title":{"rendered":"AB\u015e v\u0259t\u0259nda\u015flar\u0131na \u00e7a\u011f\u0131r\u0131\u015f etdi- <font color=red><b>\u0130raq\u0131 t\u0259rk edin<\/b><\/font>"},"content":{"rendered":"<p><strong>AB\u015e D&ouml;vl\u0259t Departamenti &ouml;z v\u0259t\u0259nda\u015flar\u0131n\u0131 artan g\u0259rginlikl\u0259 \u0259laq\u0259dar \u0130raq\u0131 d\u0259rhal t\u0259rk etm\u0259y\u0259 &ccedil;a\u011f\u0131r\u0131b.<\/strong><\/p>\n<p>Bu m&uuml;raci\u0259t D&ouml;vl\u0259t Departamentinin &ldquo;Twitter&rdquo; s\u0259hif\u0259sind\u0259 yer al\u0131b. M&uuml;raci\u0259td\u0259 qeyd olunub ki, AB\u015e v\u0259t\u0259nda\u015flar\u0131 \u0130raq\u0131 t\u0259yyar\u0259 il\u0259 t\u0259rk etm\u0259li, bu m&uuml;mk&uuml;n deyils\u0259, quru yolla dig\u0259r &ouml;lk\u0259l\u0259r\u0259 ke&ccedil;m\u0259lidir.<\/p>\n<p>Qeyd ed\u0259k ki, bu &ccedil;a\u011f\u0131r\u0131\u015f \u0130raqda \u0130ran \u0130nqilab Ke\u015fik&ccedil;il\u0259ri Korpusunun Q&uuml;ds X&uuml;susi Q&uuml;vv\u0259l\u0259rinin r\u0259hb\u0259ri general Qas\u0131m S&uuml;leymaninin &ouml;ld&uuml;r&uuml;lm\u0259sind\u0259n sonra edilib.<br \/>\nXat\u0131rladaq ki, yanvar\u0131n 3-d\u0259 Ba\u011fdad Hava liman\u0131n\u0131n raket z\u0259rb\u0259l\u0259rin\u0259 m\u0259ruz qalmas\u0131 n\u0259tic\u0259sind\u0259 \u0130ran \u0130nqilab Ke\u015fik&ccedil;il\u0259ri Korpusunun Q&uuml;ds X&uuml;susi Q&uuml;vv\u0259l\u0259rinin r\u0259hb\u0259ri general Qas\u0131m S&uuml;leymani &ouml;ld&uuml;r&uuml;l&uuml;b. Pentaqon general\u0131n &ouml;ld&uuml;r&uuml;lm\u0259sin\u0259 g&ouml;r\u0259 m\u0259suliyy\u0259ti &ouml;z &uuml;z\u0259rin\u0259 g&ouml;t&uuml;r&uuml;b.\/trend<\/p>\n","protected":false},"excerpt":{"rendered":"<p>AB\u015e D&ouml;vl\u0259t Departamenti &ouml;z v\u0259t\u0259nda\u015flar\u0131n\u0131 artan g\u0259rginlikl\u0259 \u0259laq\u0259dar \u0130raq\u0131 d\u0259rhal t\u0259rk etm\u0259y\u0259 &ccedil;a\u011f\u0131r\u0131b. Bu m&uuml;raci\u0259t D&ouml;vl\u0259t Departamentinin &ldquo;Twitter&rdquo; s\u0259hif\u0259sind\u0259 yer al\u0131b. M&uuml;raci\u0259td\u0259 qeyd olunub ki, AB\u015e v\u0259t\u0259nda\u015flar\u0131 \u0130raq\u0131 t\u0259yyar\u0259 il\u0259&hellip;<\/p>\n","protected":false},"author":1,"featured_media":251278,"comment_status":"open","ping_status":"open","sticky":false,"template":"","format":"standard","meta":{"_lmt_disableupdate":"","_lmt_disable":"","footnotes":""},"categories":[89],"tags":[],"class_list":["post-90858","post","type-post","status-publish","format-standard","has-post-thumbnail","hentry","category-dunya-butun-xeberler"],"_links":{"self":[{"href":"https:\/\/ucnoqta.az\/index.php?rest_route=\/wp\/v2\/posts\/90858","targetHints":{"allow":["GET"]}}],"collection":[{"href":"https:\/\/ucnoqta.az\/index.php?rest_route=\/wp\/v2\/posts"}],"about":[{"href":"https:\/\/ucnoqta.az\/index.php?rest_route=\/wp\/v2\/types\/post"}],"author":[{"embeddable":true,"href":"https:\/\/ucnoqta.az\/index.php?rest_route=\/wp\/v2\/users\/1"}],"replies":[{"embeddable":true,"href":"https:\/\/ucnoqta.az\/index.php?rest_route=%2Fwp%2Fv2%2Fcomments&post=90858"}],"version-history":[{"count":0,"href":"https:\/\/ucnoqta.az\/index.php?rest_route=\/wp\/v2\/posts\/90858\/revisions"}],"wp:featuredmedia":[{"embeddable":true,"href":"https:\/\/ucnoqta.az\/index.php?rest_route=\/wp\/v2\/media\/251278"}],"wp:attachment":[{"href":"https:\/\/ucnoqta.az\/index.php?rest_route=%2Fwp%2Fv2%2Fmedia&parent=90858"}],"wp:term":[{"taxonomy":"category","embeddable":true,"href":"https:\/\/ucnoqta.az\/index.php?rest_route=%2Fwp%2Fv2%2Fcategories&post=90858"},{"taxonomy":"post_tag","embeddable":true,"href":"https:\/\/ucnoqta.az\/index.php?rest_route=%2Fwp%2Fv2%2Ftags&post=90858"}],"curies":[{"name":"wp","href":"https:\/\/api.w.org\/{rel}","templated":true}]}}