{"id":90854,"date":"2020-01-03T13:00:22","date_gmt":"2020-01-03T09:00:22","guid":{"rendered":""},"modified":"-0001-11-30T00:00:00","modified_gmt":"-0001-11-29T20:00:00","slug":"","status":"publish","type":"post","link":"https:\/\/ucnoqta.az\/?p=90854","title":{"rendered":"X\u0130N 2019-cu ilin yekunlar\u0131na dair hesabat yay\u0131b"},"content":{"rendered":"<p><strong>Az\u0259rbaycan Respublikas\u0131 Xarici \u0130\u015fl\u0259r Nazirliyi (X\u0130N) 2019-cu ilin yekunlar\u0131na dair hesabat yay\u0131b.<\/strong><\/p>\n<p>X\u0130N-d\u0259n Ucnoqta.az-a veril\u0259n m\u0259lumata g&ouml;r\u0259, hesabatda deyilir ki, &ouml;t\u0259n 2019-cu il \u0259rzind\u0259 beyn\u0259lxalq m&uuml;nasib\u0259tl\u0259r m&uuml;st\u0259visind\u0259 artan siyasi v\u0259 iqtisadi g\u0259rginlik \u015f\u0259raitind\u0259 Az\u0259rbaycan Respublikas\u0131 milli maraqlar\u0131na arxalanan m&uuml;st\u0259qil xarici siyas\u0259t kursunu u\u011furla davam etdirmi\u015fdir. Yerl\u0259\u015fdiyi region \u0259traf\u0131nda c\u0259r\u0259yan ed\u0259n ziddiyy\u0259tli prosesl\u0259r fonunda daxili sabitlik v\u0259 ard\u0131c\u0131l inki\u015faf tempini t\u0259min etm\u0259k, d&ouml;vl\u0259t idar\u0259&ccedil;iliyi sah\u0259sind\u0259 \u0259sasl\u0131 islahatlar yeritm\u0259k, iqtisadiyyat\u0131n\u0131 m&uuml;sb\u0259t art\u0131m dinamikas\u0131na k&ouml;kl\u0259m\u0259k v\u0259 f\u0259al i\u015ftirak&ccedil;\u0131s\u0131 oldu\u011fu irimiqyasl\u0131 layih\u0259l\u0259ri s\u0259m\u0259r\u0259li \u015f\u0259kild\u0259 h\u0259yata ke&ccedil;irm\u0259kl\u0259 &ouml;lk\u0259miz beyn\u0259lxalq s\u0259viyy\u0259d\u0259ki y&uuml;ks\u0259k n&uuml;fuzunun daha da artmas\u0131na m&uuml;v\u0259ff\u0259q olmu\u015fdur.<\/p>\n<p>2019-cu il Az\u0259rbaycan Respublikas\u0131 diplomatik xidm\u0259t orqanlar\u0131n\u0131n 100 illik yubileyi il\u0259 \u0259lam\u0259tdar olmu\u015fdur. Y&uuml;z il bundan &ouml;nc\u0259 Az\u0259rbaycan Xalq C&uuml;mhuriyy\u0259tinin maraqlar\u0131n\u0131 beyn\u0259lxalq al\u0259md\u0259 layiqinc\u0259 t\u0259msil etm\u0259k m\u0259qs\u0259dil\u0259 t\u0259sis edilmi\u015f Xarici \u0130\u015fl\u0259r Nazirliyi ona h\u0259val\u0259 edilmi\u015f miras\u0131n qorunmas\u0131 v\u0259 inki\u015faf etdirilm\u0259si yolunda &ouml;t\u0259n bir \u0259sirlik d&ouml;vrd\u0259 s\u0259yl\u0259rini \u0259sirg\u0259m\u0259mi\u015fdir. Diplomatik xidm\u0259t orqanlar\u0131n\u0131n 100 illik yubileyi il\u0259 \u0259laq\u0259dar Az\u0259rbaycan Respublikas\u0131n\u0131n Prezidenti c\u0259nab \u0130lham \u018fliyev &ouml;z t\u0259brik m&uuml;raci\u0259tind\u0259 vur\u011fulam\u0131\u015fd\u0131r: &ldquo;M&uuml;st\u0259qilliyimizin m&ouml;hk\u0259ml\u0259ndirilm\u0259sind\u0259, Az\u0259rbaycan h\u0259qiq\u0259tl\u0259rinin d&uuml;nyaya &ccedil;atd\u0131r\u0131lmas\u0131nda, &ouml;lk\u0259mizin beyn\u0259lxalq birliyin f\u0259al &uuml;zv&uuml;n\u0259 &ccedil;evrilm\u0259sind\u0259 diplomatlar\u0131m\u0131z\u0131n, diplomatik xidm\u0259t orqanlar\u0131m\u0131z\u0131n m&uuml;st\u0259sna xidm\u0259tl\u0259ri var&rdquo;.<\/p>\n<p>Prezident c\u0259nab \u0130lham \u018fliyevin t\u0259\u015f\u0259bb&uuml;s&uuml; v\u0259 r\u0259hb\u0259rliyi il\u0259 h\u0259yata ke&ccedil;iril\u0259n h\u0259rt\u0259r\u0259fli islahatlar sosial-iqtisadi sabitlik v\u0259 inki\u015faf\u0131 t\u0259min etm\u0259kl\u0259 yana\u015f\u0131 &ouml;lk\u0259mizin beyn\u0259lxalq al\u0259md\u0259 m&uuml;sb\u0259t imicinin artmas\u0131na m&uuml;nbit z\u0259min yaratm\u0131\u015fd\u0131r. D&ouml;vl\u0259timizin h\u0259rt\u0259r\u0259fli inki\u015faf strategiyas\u0131n\u0131n ayr\u0131lmaz t\u0259rkib hiss\u0259si olan xarici siyas\u0259t f\u0259aliyy\u0259ti &ccedil;ox\u015fax\u0259lilik, &ccedil;eviklik, \u015f\u0259ffafl\u0131q, b\u0259rab\u0259rh&uuml;quqlu v\u0259 qar\u015f\u0131l\u0131ql\u0131 faydal\u0131 \u0259m\u0259kda\u015fl\u0131q prinsipl\u0259ri \u0259sas\u0131nda y&uuml;r&uuml;d&uuml;l\u0259r\u0259k, Az\u0259rbaycan\u0131n etibarl\u0131 v\u0259 davaml\u0131 t\u0259r\u0259fda\u015f kimi beyn\u0259lxalq m&ouml;vqeyinin g&uuml;cl\u0259nm\u0259sin\u0259 xidm\u0259t etmi\u015fdir.<\/p>\n<p>Diplomatik f\u0259aliyy\u0259timizin \u0259sas istiqam\u0259ti Erm\u0259nistan\u0131n Az\u0259rbaycana qar\u015f\u0131 h\u0259rbi t\u0259cav&uuml;z&uuml;n\u0259 son qoyulmas\u0131 v\u0259 &ouml;lk\u0259mizin beyn\u0259lxalq s\u0259viyy\u0259d\u0259 tan\u0131nm\u0131\u015f s\u0259rh\u0259dl\u0259ri &ccedil;\u0259r&ccedil;iv\u0259sind\u0259 suverenliyi v\u0259 \u0259razi b&uuml;t&ouml;vl&uuml;y&uuml;n&uuml;n b\u0259rpa edilm\u0259si &uuml;z\u0259rind\u0259 c\u0259ml\u0259\u015fmi\u015fdir.<br \/>\nH\u0259yata ke&ccedil;iril\u0259n ard\u0131c\u0131l diplomatik s\u0259yl\u0259r n\u0259tic\u0259sind\u0259 d&uuml;nya birliyinin Erm\u0259nistan-Az\u0259rbaycan Da\u011fl\u0131q Qaraba\u011f m&uuml;naqi\u015f\u0259sinin suverenlik, \u0259razi b&uuml;t&ouml;vl&uuml;y&uuml; v\u0259 beyn\u0259lxalq s\u0259rh\u0259dl\u0259rin toxunulmazl\u0131\u011f\u0131 prinsipl\u0259ri \u0259sas\u0131nda h\u0259ll edilm\u0259sin\u0259 y&ouml;n\u0259lmi\u015f Az\u0259rbaycan\u0131n haql\u0131 m&ouml;vqeyin\u0259 d\u0259st\u0259yi daha da artm\u0131\u015fd\u0131r.<\/p>\n<p>S\u0131ralar\u0131nda 120 &uuml;zv &ouml;lk\u0259ni birl\u0259\u015fdir\u0259n v\u0259 BMT-d\u0259n sonra \u0259n b&ouml;y&uuml;k siyasi platforma t\u0259\u015fkil ed\u0259n Qo\u015fulmama H\u0259r\u0259kat\u0131n\u0131n cari ilin 25-26 oktyabr tarixl\u0259rind\u0259 Bak\u0131da ke&ccedil;irilmi\u015f Zirv\u0259 g&ouml;r&uuml;\u015f&uuml;n&uuml;n yekun s\u0259n\u0259dind\u0259 d&ouml;vl\u0259t v\u0259 h&ouml;kum\u0259t ba\u015f&ccedil;\u0131lar\u0131 g&uuml;c yolu il\u0259 \u0259razil\u0259rin z\u0259bt edilm\u0259sinin yolverilm\u0259zliyini, h\u0259m&ccedil;inin Erm\u0259nistan-Az\u0259rbaycan m&uuml;naqi\u015f\u0259sinin Az\u0259rbaycan\u0131n \u0259razi b&uuml;t&ouml;vl&uuml;y&uuml;, suverenliyi v\u0259 s\u0259rh\u0259dl\u0259rinin toxunulmazl\u0131\u011f\u0131 prinsipi \u0259sas\u0131nda h\u0259ll edilm\u0259sinin vacibliyini vur\u011fulam\u0131\u015f v\u0259 he&ccedil; bir &uuml;zv d&ouml;vl\u0259tin Az\u0259rbaycan Respublikas\u0131n\u0131n \u0259razil\u0259rinin i\u015f\u011fal edilm\u0259si n\u0259tic\u0259sind\u0259 yaranm\u0131\u015f v\u0259ziyy\u0259tin qanuniliyini tan\u0131mayacaqlar\u0131n\u0131 t\u0259sdiq etmi\u015fl\u0259r. Zirv\u0259 g&ouml;r&uuml;\u015f&uuml;nd\u0259 Qo\u015fulmama H\u0259r\u0259kat\u0131na s\u0259drlik 2019-cu ild\u0259n etibar\u0259n 3 il m&uuml;dd\u0259tin\u0259 Az\u0259rbaycan Respublikas\u0131na ke&ccedil;mi\u015fdir.<\/p>\n<p>23-24 may tarixl\u0259rind\u0259 ke&ccedil;irilmi\u015f \u0130slam \u018fm\u0259kda\u015fl\u0131q T\u0259\u015fkilat\u0131n\u0131n (\u0130\u018fT) D&ouml;vl\u0259t v\u0259 H&ouml;kum\u0259t ba\u015f&ccedil;\u0131lar\u0131n\u0131n 14-c&uuml; Zirv\u0259 g&ouml;r&uuml;\u015f&uuml;nd\u0259 q\u0259bul edilmi\u015f Yekun Kommuniked\u0259 Erm\u0259nistan\u0131n t\u0259cav&uuml;z&uuml; n\u0259tic\u0259sind\u0259 Az\u0259rbaycan Respublikas\u0131 \u0259razil\u0259rinin i\u015f\u011fal\u0131 q\u0259tiyy\u0259tl\u0259 pisl\u0259nilmi\u015f v\u0259 i\u015f\u011fal\u0131n davam etdirilm\u0259sin\u0259 dolay\u0131 yolla bel\u0259 yard\u0131m ed\u0259c\u0259k h\u0259r hans\u0131 bir f\u0259aliyy\u0259tin qar\u015f\u0131s\u0131n\u0131n al\u0131nmas\u0131 &uuml;&ccedil;&uuml;n &uuml;zv d&ouml;vl\u0259tl\u0259r\u0259 &ccedil;a\u011f\u0131r\u0131\u015f \u0259ks olunmu\u015fdur. \u0130\u018fT-in Xarici \u0130\u015fl\u0259r Nazirl\u0259ri \u015euras\u0131n\u0131n 1-2 mart tarixl\u0259rind\u0259 ke&ccedil;irilmi\u015f 46-c\u0131 sessiyas\u0131nda &ldquo;Erm\u0259nistan Respublikas\u0131n\u0131n Az\u0259rbaycan Respublikas\u0131na qar\u015f\u0131 t\u0259cav&uuml;z&uuml;&rdquo;, &ldquo;Erm\u0259nistan Respublikas\u0131n\u0131n Az\u0259rbaycan Respublikas\u0131na qar\u015f\u0131 t\u0259cav&uuml;z&uuml; n\u0259tic\u0259sind\u0259 Az\u0259rbaycan\u0131n i\u015f\u011fal edilmi\u015f \u0259razil\u0259rind\u0259 \u0130slam dinin\u0259 aid tarixi v\u0259 m\u0259d\u0259ni abid\u0259l\u0259rin v\u0259 izl\u0259rin da\u011f\u0131d\u0131lmas\u0131 v\u0259 t\u0259hqir olunmas\u0131&rdquo;, &ldquo;Xocal\u0131 q\u0131r\u011f\u0131n\u0131n\u0131n qurbanlar\u0131 il\u0259 h\u0259mr\u0259ylik&rdquo;, &ldquo;Az\u0259rbaycana iqtisadi yard\u0131m\u0131n g&ouml;st\u0259rilm\u0259si&rdquo; adl\u0131 q\u0259tnam\u0259l\u0259r q\u0259bul edilmi\u015fdir.<\/p>\n<p>17 may tarixind\u0259 ke&ccedil;irilmi\u015f Avropa \u015euras\u0131n\u0131n (A\u015e) Xarici \u0130\u015fl\u0259r Nazirl\u0259ri \u015euras\u0131n\u0131n 129-cu sessiyas\u0131n\u0131n s\u0259n\u0259dl\u0259rind\u0259 &uuml;zv d&ouml;vl\u0259tl\u0259rin h&uuml;quq v\u0259 &ouml;hd\u0259likl\u0259ri bar\u0259d\u0259 &ccedil;\u0131xar\u0131lan q\u0259rarda &uuml;zv d&ouml;vl\u0259tl\u0259rin \u0259razi b&uuml;t&ouml;vl&uuml;y&uuml;n\u0259 h&ouml;rm\u0259ti t\u0259sdiq ed\u0259n m&uuml;dd\u0259a &ouml;z \u0259ksini tapm\u0131\u015fd\u0131r.<br \/>\n15 oktyabr tarixind\u0259 ke&ccedil;irilmi\u015f T&uuml;rkdilli D&ouml;vl\u0259tl\u0259rin \u018fm\u0259kda\u015fl\u0131q \u015euras\u0131n\u0131n (TD\u018f\u015e) 7-ci Zirv\u0259 g&ouml;r&uuml;\u015f&uuml;n&uuml;n Yekun B\u0259yannam\u0259sind\u0259 Erm\u0259nistan-Az\u0259rbaycan Da\u011fl\u0131q Qaraba\u011f m&uuml;naqi\u015f\u0259sinin Az\u0259rbaycan Respublikas\u0131n\u0131n suverenliyi, \u0259razi b&uuml;t&ouml;vl&uuml;y&uuml; v\u0259 beyn\u0259lxalq s\u0259viyy\u0259d\u0259 tan\u0131nm\u0131\u015f s\u0259rh\u0259dl\u0259rinin toxunulmazl\u0131\u011f\u0131 \u0259sas\u0131nda tezlikl\u0259 h\u0259llin\u0259 dair q\u0259tiyy\u0259tli d\u0259st\u0259k &ouml;z \u0259ksini tapm\u0131\u015fd\u0131r.<\/p>\n<p>14-15 iyun tarixl\u0259rind\u0259 ke&ccedil;irilmi\u015f Asiyada Qar\u015f\u0131l\u0131ql\u0131 F\u0259aliyy\u0259t v\u0259 Etimad T\u0259dbirl\u0259ri &uuml;zr\u0259 M&uuml;\u015favir\u0259nin 5-ci Sammitinin Yekun B\u0259yannam\u0259sind\u0259 separatizmin pisl\u0259nilm\u0259si, regional m&uuml;naqi\u015f\u0259l\u0259rin beyn\u0259lxalq h&uuml;ququn norma v\u0259 prinsipl\u0259ri v\u0259 beyn\u0259lxalq t\u0259\u015fkilatlar\u0131n q\u0259bul etdikl\u0259ri q\u0259rarlar \u0259sas\u0131nda h\u0259lli m\u0259s\u0259l\u0259l\u0259ri &ouml;z \u0259ksini tapm\u0131\u015fd\u0131r.<br \/>\n12 dekabr tarixind\u0259 ke&ccedil;irilmi\u015f GUAM &uuml;zv-d&ouml;vl\u0259tl\u0259rinin H&ouml;kum\u0259t ba\u015f&ccedil;\u0131lar\u0131n\u0131n Zirv\u0259 g&ouml;r&uuml;\u015f&uuml;n&uuml;n yekun B\u0259yannam\u0259sind\u0259 GUAM \u0259razisind\u0259 olan m&uuml;naqi\u015f\u0259l\u0259rin tez bir zamanda BMT T\u0259hl&uuml;k\u0259sizlik \u015euras\u0131n\u0131n q\u0259tnam\u0259l\u0259ri v\u0259 Helsinki Yekun Akt\u0131nda &ouml;z \u0259ksini tapm\u0131\u015f beyn\u0259lxalq h&uuml;ququn norma v\u0259 prinsipl\u0259ri \u0259sas\u0131nda, d&ouml;vl\u0259tl\u0259rin suverenlik v\u0259 \u0259razi b&uuml;t&ouml;vl&uuml;y&uuml;n\u0259 h&ouml;rm\u0259t v\u0259 beyn\u0259lxalq tan\u0131nm\u0131\u015f s\u0259rh\u0259dl\u0259ri &ccedil;\u0259r&ccedil;iv\u0259sind\u0259 h\u0259llinin vacibliyi vur\u011fulanm\u0131\u015fd\u0131r.<\/p>\n<p>2019-cu il \u0259rzind\u0259 Az\u0259rbaycan Respublikas\u0131n\u0131n Prezidenti c\u0259nab \u0130lham \u018fliyev Erm\u0259nistan-Az\u0259rbaycan Da\u011fl\u0131q Qaraba\u011f m&uuml;naqi\u015f\u0259sinin t\u0259nziml\u0259nm\u0259si &uuml;zr\u0259 apar\u0131lan m&uuml;zakir\u0259l\u0259r &ccedil;\u0259r&ccedil;iv\u0259sind\u0259 21 fevral, 30 may v\u0259 17 oktyabr tarixl\u0259rind\u0259 Bak\u0131da AT\u018fT-in Minsk Qrupunun h\u0259ms\u0259drl\u0259rini q\u0259bul etmi\u015fdir.<br \/>\n22 yanvar tarixind\u0259 Davos &Uuml;mumd&uuml;nya \u0130qtisadi Forumu &ccedil;\u0259r&ccedil;iv\u0259sind\u0259 Az\u0259rbaycan Respublikas\u0131n\u0131n Prezidentinin Erm\u0259nistan\u0131n Ba\u015f Naziri il\u0259 g&ouml;r&uuml;\u015f&uuml; ba\u015f tutmu\u015fdur. 29 mart tarixind\u0259 is\u0259 Vyanada AT\u018fT-in Minsk Qrupunun h\u0259ms\u0259drl\u0259rinin vasit\u0259&ccedil;iliyi il\u0259 Az\u0259rbaycan Respublikas\u0131n\u0131n Prezidenti v\u0259 Erm\u0259nistan\u0131n Ba\u015f Naziri aras\u0131nda g&ouml;r&uuml;\u015f ke&ccedil;irilmi\u015fdir.<\/p>\n<p>Ke&ccedil;\u0259n il Az\u0259rbaycan Respublikas\u0131n\u0131n Xarici \u0130\u015fl\u0259r naziri Elmar M\u0259mm\u0259dyarov v\u0259 Erm\u0259nistan Respublikas\u0131n\u0131n Xarici \u0130\u015fl\u0259r naziri Z&ouml;hrab Mnatsakanyan aras\u0131nda AT\u018fT-in Minsk Qrupunun h\u0259ms\u0259drl\u0259ri v\u0259 AT\u018fT-in f\u0259aliyy\u0259td\u0259 olan s\u0259drinin \u015f\u0259xsi n&uuml;may\u0259nd\u0259si A.Kasp\u015fikin i\u015ftirak\u0131 il\u0259 16 yanvar tarixind\u0259 Parisd\u0259, 15 aprel tarixind\u0259 Moskvada, 20 iyun tarixind\u0259 Va\u015finqtonda, 23 sentyabr tarixind\u0259 Nyu-Yorkda v\u0259 4 dekabr tarixind\u0259 Bratislavada olmaqla, &uuml;mumilikd\u0259 be\u015f g&ouml;r&uuml;\u015f ke&ccedil;irilmi\u015fdir.<\/p>\n<p>AT\u018fT-in Minsk Qrupunun h\u0259ms\u0259drl\u0259ri regiona s\u0259f\u0259rl\u0259ri &ccedil;\u0259r&ccedil;iv\u0259sind\u0259 Az\u0259rbaycan\u0131n Da\u011fl\u0131q Qaraba\u011f b&ouml;lg\u0259sinin az\u0259rbaycanl\u0131 icmas\u0131n\u0131n n&uuml;may\u0259nd\u0259l\u0259ri il\u0259 g&ouml;r&uuml;\u015fl\u0259r ke&ccedil;irmi\u015fl\u0259r.<\/p>\n<p>Az\u0259rbaycan \u0259razil\u0259rinin Erm\u0259nistan t\u0259r\u0259find\u0259n i\u015f\u011fal\u0131ndan \u0259ziyy\u0259t &ccedil;\u0259k\u0259n insanlar\u0131n, x&uuml;susil\u0259 d\u0259 m\u0259cburi k&ouml;&ccedil;k&uuml;nl\u0259r, itkin d&uuml;\u015fm&uuml;\u015f, \u0259sir v\u0259 girov g&ouml;t&uuml;r&uuml;lm&uuml;\u015f \u015f\u0259xsl\u0259rin h&uuml;quqlar\u0131n\u0131n beyn\u0259lxalq s\u0259viyy\u0259d\u0259 m&uuml;dafi\u0259si &uuml;&ccedil;&uuml;n m&uuml;xt\u0259lif beyn\u0259lxalq t\u0259\u015fkilatlar &ccedil;\u0259r&ccedil;iv\u0259sind\u0259 f\u0259aliyy\u0259t cari ild\u0259 d\u0259 davam etdirilmi\u015f, m&uuml;xt\u0259lif q\u0259tnam\u0259 v\u0259 t&ouml;vsiy\u0259l\u0259r\u0259 m\u0259cburi k&ouml;&ccedil;k&uuml;nl\u0259rin geri qay\u0131tmaq h&uuml;ququ, girovlar\u0131n d\u0259rhal azad edilm\u0259si, itkin d&uuml;\u015fm&uuml;\u015f \u015f\u0259xsl\u0259rin taleyinin m&uuml;\u0259yy\u0259nl\u0259\u015fdirilm\u0259sin\u0259 dair m&uuml;dd\u0259alar\u0131n sal\u0131nmas\u0131na nail olunmu\u015fdur.<\/p>\n<p>Az\u0259rbaycan Respublikas\u0131n\u0131n xarici siyas\u0259tinin prioritet istiqam\u0259tl\u0259rin\u0259 daxil olan xarici iqtisadi-ticar\u0259t \u0259laq\u0259l\u0259rinin inki\u015faf\u0131, ixrac potensial\u0131n\u0131n art\u0131r\u0131lmas\u0131, yeni s\u0259rmay\u0259 imkanlar\u0131n\u0131n ara\u015fd\u0131r\u0131lmas\u0131, Az\u0259rbaycan v\u0259 xarici &ouml;lk\u0259l\u0259rin d&ouml;vl\u0259t v\u0259 i\u015fg&uuml;zar dair\u0259l\u0259rinin qar\u015f\u0131l\u0131ql\u0131 s\u0259f\u0259rl\u0259rinin t\u0259\u015fkili, iqtisadi \u0259m\u0259kda\u015fl\u0131q &uuml;zr\u0259 birg\u0259 h&ouml;kum\u0259tl\u0259raras\u0131 komissiya v\u0259 i\u015f&ccedil;i qruplar\u0131n iclaslar\u0131n\u0131n ke&ccedil;irilm\u0259si, i\u015f\u011fal edilmi\u015f \u0259razil\u0259rimizd\u0259 qeyri-qanuni iqtisadi f\u0259aliyy\u0259tin qar\u015f\u0131s\u0131n\u0131n al\u0131nmas\u0131, qlobal v\u0259 regional beyn\u0259lxalq iqtisadi t\u0259\u015fkilatlar &ccedil;\u0259r&ccedil;iv\u0259sind\u0259 \u0259m\u0259kda\u015fl\u0131\u011f\u0131n geni\u015fl\u0259ndirilm\u0259si \u0259sas f\u0259aliyy\u0259t istiqam\u0259tl\u0259rini t\u0259\u015fkil etmi\u015fdir.<\/p>\n<p>&Ouml;t\u0259n il \u0259rzind\u0259 Q\u0259t\u0259r, B\u018f\u018f, T&uuml;rkiy\u0259, \u0130ran, S\u0259udiyy\u0259 \u018fr\u0259bistan\u0131, AB\u015e, \u018ffqan\u0131stan, Yaponiya, B&ouml;y&uuml;k Britaniya, \u0130sve&ccedil;r\u0259, Monteneqro, Qazax\u0131stan, Q\u0131r\u011f\u0131z\u0131stan, Fransa, Rusiya, T&uuml;rkm\u0259nistan, &Ccedil;in Xalq Respublikas\u0131 (&Ccedil;XR) v\u0259 &Ccedil;XR-in Sincan-Uy\u011fur muxtar regionu il\u0259 H&ouml;kum\u0259tl\u0259raras\u0131 Komissiyalar\u0131n iclaslar\u0131 ke&ccedil;irilmi\u015fdir.<br \/>\n30 noyabr tarixind\u0259 &ouml;lk\u0259mizin t\u0259\u015f\u0259bb&uuml;s&uuml; v\u0259 i\u015ftirak\u0131 il\u0259 h\u0259yata ke&ccedil;iril\u0259n Avropa &ouml;lk\u0259l\u0259rinin enerji t\u0259hl&uuml;k\u0259sizliyin\u0259 t&ouml;hf\u0259 ver\u0259c\u0259k v\u0259 region &ouml;lk\u0259l\u0259rini s\u0131x \u0259m\u0259kda\u015fl\u0131q tell\u0259ri il\u0259 biri-birin\u0259 ba\u011flayacaq Avrasiyan\u0131n \u0259n n\u0259h\u0259ng infrastruktur layih\u0259l\u0259rind\u0259n biri olan C\u0259nubi Qaz D\u0259hlizinin (CQD) bir hiss\u0259sini t\u0259\u015fkil ed\u0259n v\u0259 Az\u0259rbaycan qaz\u0131n\u0131 T&uuml;rkiy\u0259 &uuml;z\u0259rind\u0259n Avropaya &ccedil;atd\u0131racaq TANAP-\u0131n Avropa il\u0259 birl\u0259\u015f\u0259c\u0259k hiss\u0259sinin a&ccedil;\u0131l\u0131\u015f\u0131 olmu\u015fdur.<\/p>\n<p>5-6 dekabr tarixl\u0259rind\u0259 Bak\u0131da TRACECA H&ouml;kum\u0259tl\u0259raras\u0131 Komissiyas\u0131n\u0131n 14-c&uuml; iclas\u0131 v\u0259 t\u0259\u015fkilat\u0131n f\u0259aliyy\u0259tinin 20 illiyin\u0259 h\u0259sr olunmu\u015f beyn\u0259lxalq konfrans ke&ccedil;irilmi\u015fdir. \u0130clas\u0131n yekunlar\u0131 &uuml;zr\u0259 TRACECA-n\u0131n yeni ba\u015f katibi se&ccedil;ilmi\u015f v\u0259 t\u0259\u015fkilatda s\u0259drlik Az\u0259rbaycana t\u0259hvil verilmi\u015fdir.<br \/>\n\u0130l \u0259rzind\u0259 Az\u0259rbaycan il\u0259 Avropa \u0130ttifaq\u0131 (A\u0130) aras\u0131nda yeni ikit\u0259r\u0259fli Sazi\u015f layih\u0259si &uuml;z\u0259rind\u0259 intensiv dan\u0131\u015f\u0131qlar davam etdirilmi\u015fdir. 19 fevral tarixind\u0259 Bak\u0131da Az\u0259rbaycan-A\u0130 Y&uuml;ks\u0259k S\u0259viyy\u0259li N\u0259qliyyat Dialoqunun g&ouml;r&uuml;\u015f&uuml; ke&ccedil;irilmi\u015fdir ki, A\u0130-nin d&uuml;nyada c\u0259mi 7 &ouml;lk\u0259 il\u0259 bu sah\u0259d\u0259 y&uuml;ks\u0259k s\u0259viyy\u0259li dialoqu m&ouml;vcuddur. 19 dekabr tarixind\u0259 ke&ccedil;irilmi\u015f A\u0130-Az\u0259rbaycan T\u0259hl&uuml;k\u0259sizlik Dialoqu g&ouml;r&uuml;\u015f&uuml;nd\u0259 t\u0259r\u0259fl\u0259r qar\u015f\u0131l\u0131ql\u0131 maraq do\u011furan vacib siyasi v\u0259 t\u0259hl&uuml;k\u0259sizlik m\u0259s\u0259l\u0259l\u0259ri, o c&uuml;ml\u0259d\u0259n m&uuml;naqi\u015f\u0259l\u0259rin h\u0259lli v\u0259 b&ouml;hranlar\u0131n idar\u0259 olunmas\u0131, regional v\u0259 beyn\u0259lxalq t\u0259hl&uuml;k\u0259sizliy\u0259 olan t\u0259hdid v\u0259 &ccedil;a\u011f\u0131r\u0131\u015flar \u0259traf\u0131nda fikir m&uuml;badil\u0259si aparm\u0131\u015f v\u0259 praktiki \u0259m\u0259kda\u015fl\u0131q imkanlar\u0131n\u0131 m&uuml;zakir\u0259 etmi\u015fl\u0259r. A\u0130 t\u0259r\u0259fi A\u0130 r\u0259smil\u0259rinin Az\u0259rbaycan\u0131n \u0259razi b&uuml;t&ouml;vl&uuml;y&uuml;, m&uuml;st\u0259qilliyi v\u0259 suverenliyin\u0259 ifad\u0259 etdiyi d\u0259st\u0259yi bir daha t\u0259sdiq etmi\u015fdir.<\/p>\n<p>\u0130nsan h&uuml;quqlar\u0131, demokratiya, qanunun aliliyi v\u0259 el\u0259c\u0259 d\u0259 yax\u015f\u0131 idar\u0259&ccedil;ilik prinsipl\u0259rinin t\u0259\u015fviqin\u0259 cavabdeh olan beyn\u0259lxalq v\u0259 regional t\u0259\u015fkilatlarla s\u0131x \u0259m\u0259kda\u015fl\u0131q 2019-cu il \u0259rzind\u0259 d\u0259 u\u011furla davam etdirilmi\u015fdir. \u0130l \u0259rzind\u0259 &ouml;lk\u0259miz A\u015e, AT\u018fT v\u0259 BMT-nin \u0259laq\u0259dar t\u0259sisatlar\u0131n\u0131n i\u015find\u0259 yax\u0131ndan i\u015ftirak etmi\u015f v\u0259 h\u0259yata ke&ccedil;iril\u0259n f\u0259aliyy\u0259tl\u0259r\u0259 &ouml;z t&ouml;hf\u0259sini vermi\u015fdir. Az\u0259rbaycan A\u015e-\u0131n U\u015faqlar\u0131n cinsi istismar v\u0259 cinsi zorak\u0131l\u0131qdan m&uuml;dafi\u0259sin\u0259 dair Lanzarote Konvensiyas\u0131n\u0131 ratifikasiya etmi\u015f v\u0259 Ekstradisiya il\u0259 ba\u011fl\u0131 Avropa Konvensiyas\u0131n\u0131n D&ouml;rd&uuml;nc&uuml; \u018flav\u0259 Protokolunu imzalam\u0131\u015fd\u0131r.<br \/>\nRegionda davaml\u0131 s&uuml;lh&uuml;n v\u0259 t\u0259hl&uuml;k\u0259sizliyin, habel\u0259 dayan\u0131ql\u0131 inki\u015faf v\u0259 rifah\u0131n t\u0259min olunmas\u0131 istiqam\u0259tind\u0259 t\u0259\u015f\u0259bb&uuml;skarl\u0131\u011f\u0131 il\u0259 se&ccedil;il\u0259n Az\u0259rbaycan Respublikas\u0131 &ouml;t\u0259n il \u0259rzind\u0259 m&uuml;xt\u0259lif regional t\u0259r\u0259fda\u015fl\u0131q &ccedil;\u0259r&ccedil;iv\u0259l\u0259rind\u0259 ke&ccedil;irilmi\u015f m\u0259hsuldar g&ouml;r&uuml;\u015fl\u0259rd\u0259 f\u0259al i\u015ftirak etmi\u015f v\u0259 qon\u015fu &ouml;lk\u0259l\u0259rl\u0259 strateji t\u0259r\u0259fda\u015fl\u0131q m&uuml;nasib\u0259tl\u0259rini daha da d\u0259rinl\u0259\u015fdirmi\u015fdir.<\/p>\n<p>23 dekabr tarixind\u0259 Tbilisid\u0259 ke&ccedil;irilmi\u015f Az\u0259rbaycan-T&uuml;rkiy\u0259-G&uuml;rc&uuml;stan xarici i\u015fl\u0259r nazirl\u0259ri g&ouml;r&uuml;\u015f&uuml;n&uuml;n Yekun s\u0259n\u0259dind\u0259 Az\u0259rbaycan v\u0259 G&uuml;rc&uuml;stan \u0259razil\u0259rind\u0259 m&ouml;vcud olan m&uuml;naqi\u015f\u0259l\u0259rin beyn\u0259lxalq h&uuml;ququn norma v\u0259 prinsipl\u0259ri \u0259sas\u0131nda, x&uuml;sus\u0259n d\u0259 suverenlik, \u0259razi b&uuml;t&ouml;vl&uuml;y&uuml; v\u0259 beyn\u0259lxalq s\u0259viyy\u0259d\u0259 tan\u0131nm\u0131\u015f s\u0259rh\u0259dl\u0259rin toxunulmazl\u0131\u011f\u0131, o c&uuml;ml\u0259d\u0259n BMT, AT\u018fT v\u0259 A\u015e-\u0131n m&uuml;vafiq q\u0259tnam\u0259 v\u0259 q\u0259rarlar\u0131 \u0259sas\u0131nda dayan\u0131ql\u0131 s&uuml;lh yolu il\u0259 h\u0259llinin vacibliyi, h\u0259m&ccedil;inin qa&ccedil;q\u0131n v\u0259 m\u0259cburi k&ouml;&ccedil;k&uuml;nl\u0259rin &ouml;z daimi ya\u015fay\u0131\u015f yerl\u0259rin\u0259 t\u0259hl&uuml;k\u0259siz v\u0259 l\u0259yaq\u0259tl\u0259 geri qay\u0131tmas\u0131n\u0131n z\u0259ruriliyi vur\u011fulanm\u0131\u015fd\u0131r. G&ouml;r&uuml;\u015fd\u0259 &uuml;&ccedil;t\u0259r\u0259fli \u0259m\u0259kda\u015fl\u0131q &uuml;zr\u0259 f\u0259aliyy\u0259t plan\u0131 q\u0259bul edilmi\u015fdir.<\/p>\n<p>27-29 noyabr tarixl\u0259rind\u0259 Moskvada ke&ccedil;irilmi\u015f Az\u0259rbaycan-Rusiya Birg\u0259 Demarkasiya Komissiyas\u0131n\u0131n 8-ci iclas\u0131nda &ldquo;Az\u0259rbaycan-Rusiya Birg\u0259 Demarkasiya Komissiyas\u0131n\u0131n 2020-ci il &uuml;zr\u0259 i\u015f Plan\u0131&rdquo; raz\u0131la\u015fd\u0131r\u0131laraq t\u0259sdiq edilmi\u015fdir.<\/p>\n<p>&ldquo;X\u0259z\u0259r d\u0259nizinin h&uuml;quqi statusu haqq\u0131nda Konvensiya&rdquo; imzaland\u0131qdan sonra X\u0259z\u0259r d\u0259nizind\u0259 ilk layih\u0259 olan, &ouml;lk\u0259miz &uuml;&ccedil;&uuml;n iqtisadi bax\u0131mdan &ouml;n\u0259m da\u015f\u0131yan, X\u0259z\u0259ryan\u0131 &ouml;lk\u0259l\u0259rin r\u0259q\u0259msal infrastrukturunun g&uuml;cl\u0259nm\u0259sin\u0259 v\u0259 onlar aras\u0131nda rabit\u0259 sah\u0259sind\u0259 \u0259laq\u0259l\u0259rin geni\u015fl\u0259nm\u0259sin\u0259 t\u0259sir ed\u0259c\u0259k &ldquo;Az\u0259rbaycan Respublikas\u0131 H&ouml;kum\u0259ti il\u0259 Qazax\u0131stan Respublikas\u0131 H&ouml;kum\u0259ti aras\u0131nda Az\u0259rbaycan Respublikas\u0131n\u0131n v\u0259 Qazax\u0131stan Respublikas\u0131n\u0131n rabit\u0259 operatorlar\u0131 t\u0259r\u0259find\u0259n Az\u0259rbaycan-Qazax\u0131stan mar\u015frutu &uuml;zr\u0259 X\u0259z\u0259r d\u0259nizinin dibi il\u0259 fiber-optik rabit\u0259 x\u0259tl\u0259rinin birg\u0259 tikintisi, sahibliyi v\u0259 istifad\u0259sind\u0259 m&uuml;\u015ft\u0259r\u0259k f\u0259aliyy\u0259tin t\u0259\u015fkili haqq\u0131nda Sazi\u015f&rdquo; v\u0259 &ldquo;Az\u0259rbaycan Respublikas\u0131 H&ouml;kum\u0259ti il\u0259 T&uuml;rkm\u0259nistan H&ouml;kum\u0259ti aras\u0131nda Az\u0259rbaycan Respublikas\u0131n\u0131n v\u0259 T&uuml;rkm\u0259nistan\u0131n rabit\u0259 operatorlar\u0131 t\u0259r\u0259find\u0259n Az\u0259rbaycan-T&uuml;rkm\u0259nistan mar\u015frutu &uuml;zr\u0259 X\u0259z\u0259r d\u0259nizinin dibi il\u0259 fiber-optik rabit\u0259 x\u0259tl\u0259rinin birg\u0259 tikintisi, sahibliyi v\u0259 istifad\u0259sind\u0259 m&uuml;\u015ft\u0259r\u0259k f\u0259aliyy\u0259tin t\u0259\u015fkili haqq\u0131nda Sazi\u015f&rdquo; m&uuml;vafiq olaraq 19 mart v\u0259 28 noyabr tarixl\u0259rind\u0259 imzalanm\u0131\u015fd\u0131r.<\/p>\n<p>\u018fvv\u0259lki ill\u0259rd\u0259 oldu\u011fu kimi, &ouml;t\u0259n il d\u0259 &ouml;lk\u0259mizd\u0259 m\u0259d\u0259niyy\u0259tl\u0259raras\u0131 dialoqun t\u0259\u015fviqin\u0259 b&ouml;y&uuml;k &ouml;n\u0259m verilmi\u015fdir. 30 iyun-10 iyul tarixl\u0259rind\u0259 Az\u0259rbaycan\u0131n s\u0259drliyi il\u0259 Bak\u0131da ke&ccedil;irilmi\u015f YUNESKO-nun &Uuml;mumd&uuml;nya \u0130rs Komit\u0259sinin 43-c&uuml; sessiyas\u0131nda &ouml;lk\u0259mizin &ldquo;Xan Saray\u0131 il\u0259 birg\u0259 \u015e\u0259kinin tarixi m\u0259rk\u0259zi&rdquo; adl\u0131 nominasiyas\u0131 YUNESKO-nun &Uuml;mumd&uuml;nya \u0130rs Siyah\u0131s\u0131na daxil edilmi\u015fdir. Eyni zamanda, YUNESKO t\u0259r\u0259find\u0259n Bak\u0131 \u015f\u0259h\u0259ri &ldquo;Yarad\u0131c\u0131 \u015e\u0259h\u0259rl\u0259r&rdquo; \u015f\u0259b\u0259k\u0259sin\u0259 daxil edilmi\u015fdir.<\/p>\n<p>\u0130l \u0259rzind\u0259 &ouml;lk\u0259mizin beyn\u0259lxalq t\u0259\u015fkilatlarda y&uuml;ks\u0259k s\u0259viyy\u0259d\u0259 t\u0259msil olunmas\u0131 istiqam\u0259tind\u0259 f\u0259al i\u015f apar\u0131lm\u0131\u015fd\u0131r. Az\u0259rbaycan EUTELSAT-\u0131n M\u0259\u015fv\u0259r\u0259t Komit\u0259sin\u0259, &Uuml;mumd&uuml;nya Turizm T\u0259\u015fkilat\u0131n\u0131n Assosiativ &uuml;zvl&uuml;kl\u0259 ba\u011fl\u0131 M&uuml;raci\u0259tl\u0259r\u0259 Bax\u0131lmas\u0131 Komit\u0259sin\u0259, 2019-23-c&uuml; ill\u0259r &uuml;zr\u0259 YUNESKO-nun M\u0259d\u0259ni &Ouml;z&uuml;n&uuml;ifad\u0259 M&uuml;xt\u0259lifliyinin Qorunmas\u0131 v\u0259 T\u0259\u015fviqi &uuml;zr\u0259 H&ouml;kum\u0259tl\u0259raras\u0131 Komit\u0259sin\u0259, YUNESKO-nun B\u0259d\u0259n T\u0259rbiy\u0259si v\u0259 \u0130dman &uuml;zr\u0259 H&ouml;kum\u0259tl\u0259raras\u0131 Komit\u0259sin\u0259, YUNESKO-nun Kommunikasiyan\u0131n \u0130nki\u015faf\u0131 Proqram\u0131 &uuml;zr\u0259 H&ouml;k&uuml;m\u0259tl\u0259raras\u0131 \u015euras\u0131na &uuml;zv se&ccedil;ilmi\u015fdir.<\/p>\n<p>Az\u0259rbaycan\u0131n BMT Ba\u015f Assambleyas\u0131n\u0131n 74-c&uuml; sessiyas\u0131nda 135 &uuml;zv &ouml;lk\u0259ni birl\u0259\u015fdir\u0259n v\u0259 \u0259sas m\u0259qs\u0259di beyn\u0259lxalq inki\u015faf v\u0259 iqtisadi \u0259m\u0259kda\u015fl\u0131\u011fa t&ouml;hf\u0259 verm\u0259k, o c&uuml;ml\u0259d\u0259n BMT-nin dayanaql\u0131 inki\u015faf m\u0259qs\u0259dl\u0259rinin icras\u0131 m\u0259qs\u0259dil\u0259 inki\u015faf etm\u0259kd\u0259 olan &ouml;lk\u0259l\u0259rin maraqlar\u0131n\u0131 m&uuml;dafi\u0259 etm\u0259kd\u0259n ibar\u0259t &ldquo;Qrup-77&rdquo;-y\u0259 &uuml;zv se&ccedil;ilm\u0259si &ouml;t\u0259n ilin m&uuml;h&uuml;m nailiyy\u0259tl\u0259rind\u0259n birini t\u0259\u015fkil etmi\u015fdir.<\/p>\n<p>2019-cu ild\u0259 7-ci Qlobal Bak\u0131 Forumu, 5-ci &Uuml;mumd&uuml;nya M\u0259d\u0259niyy\u0259tl\u0259raras\u0131 Dialoq Forumu, Qo\u015fulmama H\u0259r\u0259kat\u0131na &uuml;zv &ouml;lk\u0259l\u0259rin d&ouml;vl\u0259t v\u0259 h&ouml;kum\u0259t ba\u015f&ccedil;\u0131lar\u0131n\u0131n 18-ci Zirv\u0259 G&ouml;r&uuml;\u015f&uuml;, T&uuml;rkdilli D&ouml;vl\u0259tl\u0259rin \u018fm\u0259kda\u015fl\u0131q \u015euras\u0131n\u0131n 7-ci Zirv\u0259 G&ouml;r&uuml;\u015f&uuml;, C\u0259nub Qaz D\u0259hlizi M\u0259\u015fv\u0259r\u0259t \u015euras\u0131n\u0131n Nazirl\u0259r toplant\u0131s\u0131, D&uuml;nya dini liderl\u0259rinin 2-ci Sammiti, &ldquo;Formula 1&rdquo; Az\u0259rbaycan Qran-Pri yar\u0131\u015flar\u0131, UEFA Avropa Liqas\u0131n\u0131n final oyunu, 15-ci Avropa G\u0259ncl\u0259r Yay Olimpiya Festival\u0131, BMT-nin D&ouml;vl\u0259t Xidm\u0259tl\u0259ri Forumu, UNESKO-nun &Uuml;mumd&uuml;nya \u0130rs Komit\u0259sinin 43-c&uuml; sessiyas\u0131, Narkotikl\u0259rl\u0259 m&uuml;bariz\u0259 &uuml;zr\u0259 36-c\u0131 Beyn\u0259lxalq Konfrans\u0131, 26-c\u0131 Beyn\u0259lxalq X\u0259z\u0259r Neft v\u0259 Qaz-2019 s\u0259rgisi, Bakutel &ndash; 2019 v\u0259 dig\u0259r m&ouml;t\u0259b\u0259r beyn\u0259lxalq t\u0259dbirl\u0259rin Az\u0259rbaycanda y&uuml;ks\u0259k s\u0259viyy\u0259d\u0259 ke&ccedil;irilm\u0259si &ouml;lk\u0259mizin beyn\u0259lxalq n&uuml;fuzunun v\u0259 y&uuml;ks\u0259k etimad\u0131n\u0131n, h\u0259m&ccedil;inin z\u0259ngin t\u0259cr&uuml;b\u0259 v\u0259 bacar\u0131qlar\u0131n\u0131n g&ouml;st\u0259ricisini t\u0259\u015fkil etmi\u015fdir.<\/p>\n<p>Ke&ccedil;\u0259n il \u0259rzind\u0259 ikit\u0259r\u0259fli v\u0259 &ccedil;oxt\u0259r\u0259fli \u0259sasda bir &ccedil;ox qar\u015f\u0131l\u0131ql\u0131 r\u0259smi v\u0259 i\u015fg&uuml;zar s\u0259f\u0259rl\u0259r ba\u015f tutmu\u015fdur. \u0130l \u0259rzind\u0259 Az\u0259rbaycan Respublikas\u0131n\u0131n Prezidenti \u0130sve&ccedil;r\u0259, Avstriya, &Ccedil;in, Bel&ccedil;ika, Rusiya, T&uuml;rkm\u0259nistan v\u0259 T&uuml;rkiy\u0259y\u0259 r\u0259smi v\u0259 i\u015fg&uuml;zar s\u0259f\u0259rl\u0259r h\u0259yata ke&ccedil;irmi\u015fdir. Eyni zamanda, Albaniya, Bosniya v\u0259 Herseqovina, Zimbabve, G&uuml;rc&uuml;stan, \u018ffqan\u0131stan, Monteneqro, Moldova, \u0130sve&ccedil;r\u0259, Ruanda, Pol\u015fa, Qazax\u0131stan, T&uuml;rkiy\u0259, &Ouml;zb\u0259kistan, Q\u0131r\u011f\u0131z\u0131stan, \u018flc\u0259zair, Kuba, Cibuti, Qana, \u0130ran, Namibiya, Pakistan, Venesuela, T&uuml;rkm\u0259nistan, Esvatini, Ekvatorial Qvineya, Liviya v\u0259 Sudan\u0131n d&ouml;vl\u0259t ba\u015f&ccedil;\u0131lar\u0131 &ouml;lk\u0259miz\u0259 r\u0259smi v\u0259 i\u015fg&uuml;zar s\u0259f\u0259rl\u0259r etmi\u015fl\u0259r.<\/p>\n<p>Az\u0259rbaycan Respublikas\u0131n\u0131n Birinci vitse-prezidentinin Fransa v\u0259 Rusiyaya r\u0259smi v\u0259 i\u015fg&uuml;zar s\u0259f\u0259rl\u0259ri ba\u015f tutmu\u015f, eyni zamanda Hindistan v\u0259 Vyetnam\u0131n vitse-prezidentl\u0259ri Az\u0259rbaycanda r\u0259smi s\u0259f\u0259rd\u0259 olmu\u015flar.<\/p>\n<p>Az\u0259rbaycan Respublikas\u0131n\u0131n Ba\u015f naziri T&uuml;rkm\u0259nistan, S\u0259udiyy\u0259 \u018fr\u0259bistan\u0131, Tacikistan, Rusiya, Qazax\u0131stan v\u0259 B&ouml;y&uuml;k Britaniyada i\u015fg&uuml;zar s\u0259f\u0259rd\u0259 olmu\u015fdur. &Ouml;z n&ouml;vb\u0259sind\u0259, Monteneqro, Qazax\u0131stan, G&uuml;rc&uuml;stan, Macar\u0131stan, Liviya, Malayziya h&ouml;kum\u0259t ba\u015f&ccedil;\u0131lar\u0131, h\u0259m&ccedil;inin Xorvatiya, Bolqar\u0131stan v\u0259 Belarus Respublikas\u0131 Ba\u015f Nazirl\u0259rinin m&uuml;avinl\u0259ri &ouml;lk\u0259miz\u0259 r\u0259smi v\u0259 i\u015fg&uuml;zar s\u0259f\u0259rl\u0259r h\u0259yata ke&ccedil;irmi\u015fl\u0259r.<\/p>\n<p>Az\u0259rbaycan Respublikas\u0131n\u0131n Xarici \u0130\u015fl\u0259r naziri T&uuml;rkiy\u0259, AB\u015e, Rusiya, Bolqar\u0131stan, Bel&ccedil;ika, Almaniya, Fransa, \u0130ran, Q\u0259t\u0259r, &Ccedil;ili, Argentina, Uruqvay, Paraqvay, Pol\u015fa, Peru, \u0130taliya, \u0130sve&ccedil;, Macar\u0131stan, T&uuml;rkm\u0259nistan v\u0259 Latviyaya r\u0259smi v\u0259 i\u015fg&uuml;zar s\u0259f\u0259rl\u0259r etmi\u015fdir. Eyni zamanda, T&uuml;rkiy\u0259, Rusiya, \u0130sve&ccedil;r\u0259, \u0130ran, \u0130raq, \u0130ordaniya, Birl\u0259\u015fmi\u015f \u018fr\u0259b \u018fmirlikl\u0259ri, Rum\u0131niya, Slovakiya, Q\u0131r\u011f\u0131z\u0131stan, Qazax\u0131stan, Macar\u0131stan, Maldiv, Misir, Serbiya, Qana, Monteneqro, Xorvatiya, Uruqvay, Venesuela, Kuba, F\u0259l\u0259stin, K&uuml;veyt, Sinqapur, Zambiya, Niger v\u0259 \u015eri Lankan\u0131n xarici i\u015fl\u0259r nazirl\u0259ri, h\u0259m&ccedil;inin \u0130sve&ccedil;r\u0259, G&uuml;rc&uuml;stan, Yaponiya, Keniya, C\u0259nubi Afrika, S\u0259udiyy\u0259 \u018fr\u0259bistan\u0131 v\u0259 Efiopiyan\u0131n xarici i\u015fl\u0259r nazirl\u0259rinin m&uuml;avinl\u0259ri Az\u0259rbaycana r\u0259smi v\u0259 i\u015fg&uuml;zar s\u0259f\u0259rl\u0259r h\u0259yata ke&ccedil;irmi\u015fl\u0259r.<\/p>\n<p>\u0130l \u0259rzind\u0259 Beyn\u0259lxalq Q\u0131rm\u0131z\u0131 Xa&ccedil; Komit\u0259sinin Prezidenti, &Uuml;mumd&uuml;nya G&ouml;mr&uuml;k T\u0259\u015fkilat\u0131n\u0131n Ba\u015f katibi, YUNESKO-nun Ba\u015f direktoru, Avropa \u0130ttifaq\u0131 \u015euras\u0131n\u0131n Prezidenti, Beyn\u0259lxalq Telekommunikasiya \u0130ttifaq\u0131n\u0131n Ba\u015f katibi, Beyn\u0259lxalq Astronavtika Federasiyas\u0131n\u0131n icra&ccedil;\u0131 direktoru, BMT-nin Ba\u015f Assambleyas\u0131n\u0131n prezidenti, Avropa \u015euras\u0131 Parlament Assambleyas\u0131n\u0131n prezidenti, Avropa \u015euras\u0131n\u0131n insan h&uuml;quqlar\u0131 &uuml;zr\u0259 komissar\u0131, BMT-nin Sivilizasiyalar Alyans\u0131 &uuml;zr\u0259 Ali n&uuml;may\u0259nd\u0259si, \u0130slam \u018fm\u0259kda\u015fl\u0131q T\u0259\u015fkilat\u0131n\u0131n Ba\u015f katibi, KAICIID Beyn\u0259lxalq Dinl\u0259raras\u0131 v\u0259 M\u0259d\u0259niyy\u0259tl\u0259raras\u0131 Dialoq M\u0259rk\u0259zinin Ba\u015f katibi, Afrika \u0130ttifaq\u0131 Komissiyas\u0131n\u0131n Siyasi m\u0259s\u0259l\u0259l\u0259r &uuml;zr\u0259 Komissar\u0131, T&uuml;rkdilli D&ouml;vl\u0259tl\u0259rin \u018fm\u0259kda\u015fl\u0131q \u015euras\u0131n\u0131n Ba\u015f katibi, \u0130qtisadi \u018fm\u0259kda\u015fl\u0131q T\u0259\u015fkilat\u0131n\u0131n Ba\u015f katibi, OPEC-in Ba\u015f katibi, \u0130slam \u018fm\u0259kda\u015fl\u0131q T\u0259\u015fkilat\u0131n\u0131n Ba\u015f katibi, \u0130slam \u018fm\u0259kda\u015fl\u0131q T\u0259\u015fkilat\u0131n\u0131n G\u0259ncl\u0259r Forumunun prezidenti, \u0130SESCO-nun Ba\u015f direktoru, UNESCO-nun Ba\u015f direktoru, Parlamentl\u0259raras\u0131 \u0130ttifaq\u0131n prezidenti, h\u0259m&ccedil;inin AT\u018fT Parlament Assambleyas\u0131n\u0131n prezidenti, AT\u018fT-in f\u0259aliyy\u0259td\u0259 olan s\u0259dri v\u0259 Avropa \u0130ttifaq\u0131n\u0131n C\u0259nubi Qafqaz v\u0259 G&uuml;rc&uuml;standa b&ouml;hran &uuml;zr\u0259 x&uuml;susi n&uuml;may\u0259nd\u0259si, A\u0130-nin Avropa Qon\u015fuluq Siyas\u0259ti v\u0259 Geni\u015fl\u0259nm\u0259 Dan\u0131\u015f\u0131qlar\u0131 Direktorlu\u011funun komissar\u0131, Avropa Komissiyas\u0131n\u0131n H\u0259r\u0259k\u0259tlilik v\u0259 N\u0259qliyyat &uuml;zr\u0259 Ba\u015f Direktorlu\u011funun r\u0259hb\u0259ri Az\u0259rbaycana r\u0259smi v\u0259 i\u015fg&uuml;zar s\u0259f\u0259rl\u0259r etmi\u015fl\u0259r.<\/p>\n<p>&Ouml;t\u0259n ild\u0259 Az\u0259rbaycan Respublikas\u0131 il\u0259 Tanzaniya Birl\u0259\u015fmi\u015f Respublikas\u0131, Barbados v\u0259 Namibiya Respublikas\u0131 aras\u0131nda diplomatik m&uuml;nasib\u0259tl\u0259rin qurulmas\u0131na dair birg\u0259 kommunikel\u0259r imzalanm\u0131\u015f, h\u0259m&ccedil;inin Monteneqro v\u0259 Slovakiyan\u0131n Az\u0259rbaycanda s\u0259firlikl\u0259ri t\u0259sis edilmi\u015f v\u0259 Avstriyan\u0131n Zalsburq \u015f\u0259h\u0259rind\u0259 Az\u0259rbaycan\u0131n f\u0259xri konsullu\u011fu f\u0259aliyy\u0259t\u0259 ba\u015flam\u0131\u015fd\u0131r.<\/p>\n<p>Xarici &ouml;lk\u0259l\u0259rd\u0259 ya\u015fayan Az\u0259rbaycan Respublikas\u0131 v\u0259t\u0259nda\u015flar\u0131n\u0131n h&uuml;quqi v\u0259ziyy\u0259tinin yax\u015f\u0131la\u015fd\u0131r\u0131lmas\u0131 v\u0259 ikit\u0259r\u0259fli \u0259m\u0259kda\u015fl\u0131q imkanlar\u0131n\u0131n geni\u015fl\u0259ndirilm\u0259si m\u0259qs\u0259di il\u0259 &Ouml;zb\u0259kistan, \u015eimali Makedoniya Respublikas\u0131, G&uuml;rc&uuml;stan, Rusiya v\u0259 Tacikistanla X\u0130N-l\u0259raras\u0131 ikit\u0259r\u0259fli konsulluq m\u0259sl\u0259h\u0259tl\u0259\u015fm\u0259l\u0259ri ke&ccedil;irilmi\u015fdir.<\/p>\n<p>Ke&ccedil;\u0259n ild\u0259 Az\u0259rbaycan Respublikas\u0131n\u0131n Beyn\u0259lxalq \u0130nki\u015fafa Yard\u0131m Agentliyinin (A\u0130DA) d\u0259st\u0259yi il\u0259 Burkina Faso, &Ccedil;ad, Mali, Niger, Toqo, Q\u0259m\u0259r adalar\u0131 v\u0259 Qvineya Bissau &ouml;lk\u0259l\u0259rind\u0259 20 mind\u0259n &ccedil;ox insan\u0131n g&ouml;z m&uuml;ayin\u0259si, 8 min\u0259 yax\u0131n katarakt \u0259m\u0259liyyat\u0131, 26 n\u0259f\u0259r yerli oftalmoloq &uuml;&ccedil;&uuml;n pe\u015f\u0259karl\u0131q art\u0131rma t\u0259liml\u0259ri ke&ccedil;irilmi\u015fdir. Bununla yana\u015f\u0131, &ouml;lk\u0259miz BMT-nin Qa&ccedil;q\u0131nlar &uuml;zr\u0259 Ali Komissarl\u0131\u011f\u0131n\u0131n m&uuml;raci\u0259tin\u0259 \u0259sas\u0259n Burundi qa&ccedil;q\u0131nlar\u0131na v\u0259 BMT Ba\u015f katibinin m\u0259ktubuna cavab olaraq Y\u0259m\u0259nd\u0259 b&ouml;hrandan \u0259ziyy\u0259t &ccedil;\u0259k\u0259n \u0259haliy\u0259 humanitar yard\u0131m g&ouml;st\u0259rmi\u015f, h\u0259m&ccedil;inin \u0130randa ba\u015f vermi\u015f t\u0259bii f\u0259lak\u0259td\u0259n \u0259ziyy\u0259t &ccedil;\u0259k\u0259n \u0259haliy\u0259 v\u0259 Albaniyada ba\u015f vermi\u015f z\u0259lz\u0259l\u0259l\u0259rl\u0259 \u0259laq\u0259dar humanitar yard\u0131m ay\u0131rm\u0131\u015fd\u0131r.<\/p>\n<p>Xarici \u0130\u015fl\u0259r Nazirliyi n\u0259zdind\u0259 f\u0259aliyy\u0259t g&ouml;st\u0259r\u0259n ADA Universitetind\u0259n 2019&ndash;cu ild\u0259 338 bakalavr v\u0259 96 magistr t\u0259l\u0259b\u0259si m\u0259zun olmu\u015f, 12 yeni t\u0259l\u0259b\u0259 m&uuml;badil\u0259 m&uuml;qavil\u0259si imzalanaraq, 179 t\u0259l\u0259b\u0259 m&uuml;badil\u0259 proqram\u0131 &ccedil;\u0259r&ccedil;iv\u0259sind\u0259 xarici universitetl\u0259r\u0259 g&ouml;nd\u0259rilmi\u015f v\u0259 50 xarici t\u0259l\u0259b\u0259 Erasmus proqram\u0131 vasit\u0259sil\u0259 ADA Universitetind\u0259 t\u0259hsil alm\u0131\u015fd\u0131r.<\/p>\n<p>N&ouml;vb\u0259ti ild\u0259 m&uuml;xt\u0259lif formatl\u0131 beyn\u0259lxalq platformalarda &ccedil;ox\u015fax\u0259li \u0259m\u0259kda\u015fl\u0131q \u0259laq\u0259l\u0259rin geni\u015fl\u0259ndirilm\u0259si il\u0259 d&ouml;vl\u0259timizin rifah v\u0259 q&uuml;dr\u0259tinin m&ouml;hk\u0259ml\u0259nm\u0259sin\u0259 y&ouml;n\u0259l\u0259n v\u0259 milli maraqlar\u0131m\u0131za \u0259saslanan m&uuml;st\u0259qil xarici siyas\u0259t kursu davam etdiril\u0259c\u0259kdir. &Ouml;lk\u0259mizin \u0259n a\u011fr\u0131l\u0131 problemi olan Erm\u0259nistan-Az\u0259rbaycan Da\u011fl\u0131q Qaraba\u011f m&uuml;naqi\u015f\u0259sinin Az\u0259rbaycan Respublikas\u0131n\u0131n suverenliyi v\u0259 \u0259razi b&uuml;t&ouml;vl&uuml;y&uuml; &ccedil;\u0259r&ccedil;iv\u0259sind\u0259 h\u0259llin\u0259 nail olmaq ba\u015fl\u0131ca v\u0259zif\u0259 kimi qalacaqd\u0131r. Xarici siyas\u0259t h\u0259d\u0259fl\u0259rin\u0259 nail olunmaqda Prezident c\u0259nab \u0130lham \u018fliyevin vur\u011fulad\u0131\u011f\u0131 &ldquo;milli maraqlara v\u0259 \u0259dal\u0259t\u0259 \u0259saslanan m&uuml;st\u0259qil xarici siyas\u0259t&rdquo; fikri r\u0259hb\u0259r tutulacaq.<\/p>\n","protected":false},"excerpt":{"rendered":"<p>Az\u0259rbaycan Respublikas\u0131 Xarici \u0130\u015fl\u0259r Nazirliyi (X\u0130N) 2019-cu ilin yekunlar\u0131na dair hesabat yay\u0131b. X\u0130N-d\u0259n Ucnoqta.az-a veril\u0259n m\u0259lumata g&ouml;r\u0259, hesabatda deyilir ki, &ouml;t\u0259n 2019-cu il \u0259rzind\u0259 beyn\u0259lxalq m&uuml;nasib\u0259tl\u0259r m&uuml;st\u0259visind\u0259 artan siyasi v\u0259&hellip;<\/p>\n","protected":false},"author":1,"featured_media":251278,"comment_status":"open","ping_status":"open","sticky":false,"template":"","format":"standard","meta":{"_lmt_disableupdate":"","_lmt_disable":"","footnotes":""},"categories":[86],"tags":[],"class_list":["post-90854","post","type-post","status-publish","format-standard","has-post-thumbnail","hentry","category-siyaset"],"_links":{"self":[{"href":"https:\/\/ucnoqta.az\/index.php?rest_route=\/wp\/v2\/posts\/90854","targetHints":{"allow":["GET"]}}],"collection":[{"href":"https:\/\/ucnoqta.az\/index.php?rest_route=\/wp\/v2\/posts"}],"about":[{"href":"https:\/\/ucnoqta.az\/index.php?rest_route=\/wp\/v2\/types\/post"}],"author":[{"embeddable":true,"href":"https:\/\/ucnoqta.az\/index.php?rest_route=\/wp\/v2\/users\/1"}],"replies":[{"embeddable":true,"href":"https:\/\/ucnoqta.az\/index.php?rest_route=%2Fwp%2Fv2%2Fcomments&post=90854"}],"version-history":[{"count":0,"href":"https:\/\/ucnoqta.az\/index.php?rest_route=\/wp\/v2\/posts\/90854\/revisions"}],"wp:featuredmedia":[{"embeddable":true,"href":"https:\/\/ucnoqta.az\/index.php?rest_route=\/wp\/v2\/media\/251278"}],"wp:attachment":[{"href":"https:\/\/ucnoqta.az\/index.php?rest_route=%2Fwp%2Fv2%2Fmedia&parent=90854"}],"wp:term":[{"taxonomy":"category","embeddable":true,"href":"https:\/\/ucnoqta.az\/index.php?rest_route=%2Fwp%2Fv2%2Fcategories&post=90854"},{"taxonomy":"post_tag","embeddable":true,"href":"https:\/\/ucnoqta.az\/index.php?rest_route=%2Fwp%2Fv2%2Ftags&post=90854"}],"curies":[{"name":"wp","href":"https:\/\/api.w.org\/{rel}","templated":true}]}}