{"id":90853,"date":"2020-01-03T12:54:05","date_gmt":"2020-01-03T08:54:05","guid":{"rendered":""},"modified":"-0001-11-30T00:00:00","modified_gmt":"-0001-11-29T20:00:00","slug":"","status":"publish","type":"post","link":"https:\/\/ucnoqta.az\/?p=90853","title":{"rendered":"Rusiya X\u0130N: S\u00fcleymaninin \u00f6ld\u00fcr\u00fclm\u0259si regionda g\u0259rginliyi art\u0131racaq"},"content":{"rendered":"<p><strong>\u0130ran general\u0131 Qas\u0131m S&uuml;leymaninin \u0130raqda AB\u015e-\u0131n raket z\u0259rb\u0259l\u0259ri n\u0259tic\u0259sind\u0259 &ouml;ld&uuml;r&uuml;lm\u0259si b&uuml;t&uuml;n Yax\u0131n \u015e\u0259rqd\u0259 g\u0259rginliyin artmas\u0131na g\u0259tirib &ccedil;\u0131xaracaq.&nbsp;<\/strong><\/p>\n<p>APA-n\u0131n verdiyi m\u0259lumata g&ouml;r\u0259, bu bar\u0259d\u0259 Rusiya Xarici \u0130\u015fl\u0259r Nazirliyinin (X\u0130N) \u0130slam \u0130nqilab\u0131 Ke\u015fik&ccedil;il\u0259ri Korpusunun Q&uuml;ds x&uuml;susi t\u0259yinatl\u0131 q&uuml;vv\u0259l\u0259rinin ba\u015f&ccedil;\u0131s\u0131, general Qas\u0131m S&uuml;leymaninin &ouml;ld&uuml;r&uuml;lm\u0259si il\u0259 ba\u011fl\u0131 yayd\u0131\u011f\u0131 b\u0259yanatda bildirilib.<br \/>\n&ldquo;S&uuml;leymaninin AB\u015e-\u0131n raket z\u0259rb\u0259l\u0259ri n\u0259tic\u0259sind\u0259 &ouml;ld&uuml;r&uuml;lm\u0259sin\u0259 b&uuml;t&uuml;n regionda g\u0259rginliyin artmas\u0131na g\u0259tirib &ccedil;\u0131xaracaq avant&uuml;rist add\u0131m kimi bax\u0131r\u0131q. Qas\u0131m S&uuml;leymani \u0130ran\u0131n milli maraqlar\u0131n\u0131n qorunmas\u0131na s\u0259daq\u0259tl\u0259 xidm\u0259t edirdi. \u0130ran xalq\u0131na ba\u015fsa\u011fl\u0131\u011f\u0131 veririk&rdquo;, &#8211; dey\u0259 b\u0259yanatda qeyd olunub.<\/p>\n<p>Xat\u0131rladaq ki, c&uuml;m\u0259 g&uuml;n&uuml; Ba\u011fdad Hava liman\u0131n\u0131n raket z\u0259rb\u0259l\u0259rin\u0259 m\u0259ruz qalmas\u0131 n\u0259tic\u0259sind\u0259 \u0130ran \u0130nqilab Ke\u015fik&ccedil;il\u0259ri Korpusunun Q&uuml;ds X&uuml;susi Q&uuml;vv\u0259l\u0259rinin r\u0259hb\u0259ri general Qas\u0131m S&uuml;leymani v\u0259 \u0130ran\u0131n himay\u0259darl\u0131q etdiyi Xalq S\u0259f\u0259rb\u0259rlik Q&uuml;vv\u0259l\u0259rinin (XSQ) komandan m&uuml;avini \u018fbu Mehdi \u0259l-M&uuml;h\u0259ndisi &ouml;ld&uuml;r&uuml;l&uuml;b. \u0130ran\u0131n Ali lideri ay\u0259tullah Seyid \u018fli Xamenei general Qas\u0131m S&uuml;leymaninin &ouml;l&uuml;m&uuml; m&uuml;nasib\u0259til\u0259 &ouml;lk\u0259d\u0259 3 g&uuml;n mat\u0259m elan edib.<\/p>\n","protected":false},"excerpt":{"rendered":"<p>\u0130ran general\u0131 Qas\u0131m S&uuml;leymaninin \u0130raqda AB\u015e-\u0131n raket z\u0259rb\u0259l\u0259ri n\u0259tic\u0259sind\u0259 &ouml;ld&uuml;r&uuml;lm\u0259si b&uuml;t&uuml;n Yax\u0131n \u015e\u0259rqd\u0259 g\u0259rginliyin artmas\u0131na g\u0259tirib &ccedil;\u0131xaracaq.&nbsp; APA-n\u0131n verdiyi m\u0259lumata g&ouml;r\u0259, bu bar\u0259d\u0259 Rusiya Xarici \u0130\u015fl\u0259r Nazirliyinin (X\u0130N) \u0130slam \u0130nqilab\u0131&hellip;<\/p>\n","protected":false},"author":1,"featured_media":251278,"comment_status":"open","ping_status":"open","sticky":false,"template":"","format":"standard","meta":{"_lmt_disableupdate":"","_lmt_disable":"","footnotes":""},"categories":[89],"tags":[],"class_list":["post-90853","post","type-post","status-publish","format-standard","has-post-thumbnail","hentry","category-dunya-butun-xeberler"],"_links":{"self":[{"href":"https:\/\/ucnoqta.az\/index.php?rest_route=\/wp\/v2\/posts\/90853","targetHints":{"allow":["GET"]}}],"collection":[{"href":"https:\/\/ucnoqta.az\/index.php?rest_route=\/wp\/v2\/posts"}],"about":[{"href":"https:\/\/ucnoqta.az\/index.php?rest_route=\/wp\/v2\/types\/post"}],"author":[{"embeddable":true,"href":"https:\/\/ucnoqta.az\/index.php?rest_route=\/wp\/v2\/users\/1"}],"replies":[{"embeddable":true,"href":"https:\/\/ucnoqta.az\/index.php?rest_route=%2Fwp%2Fv2%2Fcomments&post=90853"}],"version-history":[{"count":0,"href":"https:\/\/ucnoqta.az\/index.php?rest_route=\/wp\/v2\/posts\/90853\/revisions"}],"wp:featuredmedia":[{"embeddable":true,"href":"https:\/\/ucnoqta.az\/index.php?rest_route=\/wp\/v2\/media\/251278"}],"wp:attachment":[{"href":"https:\/\/ucnoqta.az\/index.php?rest_route=%2Fwp%2Fv2%2Fmedia&parent=90853"}],"wp:term":[{"taxonomy":"category","embeddable":true,"href":"https:\/\/ucnoqta.az\/index.php?rest_route=%2Fwp%2Fv2%2Fcategories&post=90853"},{"taxonomy":"post_tag","embeddable":true,"href":"https:\/\/ucnoqta.az\/index.php?rest_route=%2Fwp%2Fv2%2Ftags&post=90853"}],"curies":[{"name":"wp","href":"https:\/\/api.w.org\/{rel}","templated":true}]}}