{"id":90852,"date":"2020-01-03T12:45:37","date_gmt":"2020-01-03T08:45:37","guid":{"rendered":""},"modified":"-0001-11-30T00:00:00","modified_gmt":"-0001-11-29T20:00:00","slug":"","status":"publish","type":"post","link":"https:\/\/ucnoqta.az\/?p=90852","title":{"rendered":"BMT-d\u0259n S\u00fcleymaninin \u00f6ld\u00fcr\u00fclm\u0259sin\u0259 <font color=red><b>S\u018fRT REAKS\u0130YA<\/b><\/font>"},"content":{"rendered":"<p><strong>BMT-nin m\u0259hk\u0259m\u0259siz icra olunan edamlar &uuml;zr\u0259 x&uuml;susi m\u0259ruz\u0259&ccedil;isi Aqnes Kallamar iranl\u0131 general Qas\u0131m S&uuml;leymaninin AB\u015e t\u0259r\u0259find\u0259n &ouml;ld&uuml;r&uuml;lm\u0259sin\u0259 m&uuml;nasib\u0259t bildirib.<\/strong><\/p>\n<p>O, &ldquo;Twitter&rdquo; hesab\u0131nda qeyd edib ki, general Qas\u0131m S&uuml;leymani v\u0259 komandan m&uuml;avini \u018fbu Mehdi \u0259l-M&uuml;h\u0259ndisin &ouml;ld&uuml;r&uuml;lm\u0259si beyn\u0259lxalq h&uuml;quq v\u0259 insan haqlar\u0131 qanunlar\u0131n\u0131 pozur:<br \/>\n&ldquo;Qas\u0131m S&uuml;leymani h\u0259d\u0259fli bir q\u0259tlin qurban\u0131 oldu. \u0130nsan h&uuml;quqlar\u0131 haqq\u0131nda beyn\u0259lxalq qanunlara \u0259sas\u0259n, &ouml;ld&uuml;r&uuml;c&uuml; g&uuml;c&uuml;n q\u0259sd\u0259n t\u0259tbiq edilm\u0259si yaln\u0131z h\u0259yati t\u0259hl&uuml;k\u0259y\u0259 qar\u015f\u0131 qorunmaq &uuml;&ccedil;&uuml;n z\u0259ruri hallarda istifad\u0259 edil\u0259 bil\u0259r.<\/p>\n<p>Bir insan\u0131n ke&ccedil;mi\u015fd\u0259 &ldquo;terror&rdquo; h&uuml;cumlar\u0131nda i\u015ftirak\u0131 onun &ouml;ld&uuml;r&uuml;lm\u0259si &uuml;&ccedil;&uuml;n kifay\u0259t deyil. Bundan \u0259lav\u0259, h\u0259d\u0259fd\u0259n ba\u015fqa birinin (m\u0259s\u0259l\u0259n, yax\u0131nl\u0131qdak\u0131 ail\u0259 &uuml;zvl\u0259rinin v\u0259 ya ba\u015fqalar\u0131n\u0131n) pilotsuz t\u0259yyar\u0259l\u0259rl\u0259 &ouml;ld&uuml;r&uuml;lm\u0259si insan h&uuml;quqlar\u0131 qanunlar\u0131na \u0259sas\u0259n &ouml;zba\u015f\u0131na h\u0259yatdan m\u0259hrumetm\u0259 d&ouml;vl\u0259t m\u0259suliyy\u0259tin\u0259 v\u0259 ya f\u0259rdi cinay\u0259t m\u0259suliyy\u0259tin\u0259 s\u0259b\u0259b ola bil\u0259r&rdquo;.\/oxu.az<\/p>\n","protected":false},"excerpt":{"rendered":"<p>BMT-nin m\u0259hk\u0259m\u0259siz icra olunan edamlar &uuml;zr\u0259 x&uuml;susi m\u0259ruz\u0259&ccedil;isi Aqnes Kallamar iranl\u0131 general Qas\u0131m S&uuml;leymaninin AB\u015e t\u0259r\u0259find\u0259n &ouml;ld&uuml;r&uuml;lm\u0259sin\u0259 m&uuml;nasib\u0259t bildirib. O, &ldquo;Twitter&rdquo; hesab\u0131nda qeyd edib ki, general Qas\u0131m S&uuml;leymani v\u0259 komandan&hellip;<\/p>\n","protected":false},"author":1,"featured_media":251278,"comment_status":"open","ping_status":"open","sticky":false,"template":"","format":"standard","meta":{"_lmt_disableupdate":"","_lmt_disable":"","footnotes":""},"categories":[89],"tags":[],"class_list":["post-90852","post","type-post","status-publish","format-standard","has-post-thumbnail","hentry","category-dunya-butun-xeberler"],"_links":{"self":[{"href":"https:\/\/ucnoqta.az\/index.php?rest_route=\/wp\/v2\/posts\/90852","targetHints":{"allow":["GET"]}}],"collection":[{"href":"https:\/\/ucnoqta.az\/index.php?rest_route=\/wp\/v2\/posts"}],"about":[{"href":"https:\/\/ucnoqta.az\/index.php?rest_route=\/wp\/v2\/types\/post"}],"author":[{"embeddable":true,"href":"https:\/\/ucnoqta.az\/index.php?rest_route=\/wp\/v2\/users\/1"}],"replies":[{"embeddable":true,"href":"https:\/\/ucnoqta.az\/index.php?rest_route=%2Fwp%2Fv2%2Fcomments&post=90852"}],"version-history":[{"count":0,"href":"https:\/\/ucnoqta.az\/index.php?rest_route=\/wp\/v2\/posts\/90852\/revisions"}],"wp:featuredmedia":[{"embeddable":true,"href":"https:\/\/ucnoqta.az\/index.php?rest_route=\/wp\/v2\/media\/251278"}],"wp:attachment":[{"href":"https:\/\/ucnoqta.az\/index.php?rest_route=%2Fwp%2Fv2%2Fmedia&parent=90852"}],"wp:term":[{"taxonomy":"category","embeddable":true,"href":"https:\/\/ucnoqta.az\/index.php?rest_route=%2Fwp%2Fv2%2Fcategories&post=90852"},{"taxonomy":"post_tag","embeddable":true,"href":"https:\/\/ucnoqta.az\/index.php?rest_route=%2Fwp%2Fv2%2Ftags&post=90852"}],"curies":[{"name":"wp","href":"https:\/\/api.w.org\/{rel}","templated":true}]}}