{"id":90849,"date":"2020-01-03T11:14:28","date_gmt":"2020-01-03T07:14:28","guid":{"rendered":""},"modified":"-0001-11-30T00:00:00","modified_gmt":"-0001-11-29T20:00:00","slug":"","status":"publish","type":"post","link":"https:\/\/ucnoqta.az\/?p=90849","title":{"rendered":"\u0130ran AB\u015e-a nota verdi"},"content":{"rendered":"<p><strong>AB\u015e-\u0131n \u0130randak\u0131 maraqlar\u0131n\u0131 qoruyan \u0130sve&ccedil;r\u04d9 s\u04d9firliyinin m&uuml;v\u04d9qq\u04d9ti i\u015fl\u04d9r v\u04d9kili \u0130ran Xarici \u0130\u015fl\u04d9r Nazirliyin\u04d9 &ccedil;a\u011f\u0131r\u0131l\u0131b.<\/strong><\/p>\n<p>Trend-in m\u04d9lumat\u0131na g&ouml;r\u04d9, bunu \u0130ran X\u0130N-in m\u04d9tbuat katibi Abbas Mus\u04d9vi Twitter s\u04d9hif\u04d9sind\u04d9 yaz\u0131b. A.Mus\u04d9vinin s&ouml;zl\u04d9rin\u04d9 g&ouml;r\u04d9, m&uuml;v\u04d9qq\u04d9ti i\u015fl\u04d9r v\u04d9kilin\u04d9 \u0130ran\u0131n s\u04d9rt notas\u0131 t\u04d9qdim edilib.<\/p>\n<p>M\u0259tbuat katibi bildirib ki, general S&uuml;leymaninin &ouml;l&uuml;m&uuml; il\u04d9 \u04d9laq\u04d9dar notada AB\u015e-\u0131n m\u04d9suliyy\u04d9t da\u015f\u0131d\u0131\u011f\u0131 qeyd olunub.<br \/>\nXat\u0131rladaq ki, yanvar\u0131n 3-d\u0259 Ba\u011fdad Hava liman\u0131n\u0131n raket z\u0259rb\u0259l\u0259rin\u0259 m\u0259ruz qalmas\u0131 n\u0259tic\u0259sind\u0259 \u0130ran \u0130nqilab Ke\u015fik&ccedil;il\u0259ri Korpusunun Q&uuml;ds X&uuml;susi Q&uuml;vv\u0259l\u0259rinin r\u0259hb\u0259ri general Qas\u0131m S&uuml;leymani &ouml;ld&uuml;r&uuml;l&uuml;b. Pentaqon general\u0131n &ouml;ld&uuml;r&uuml;lm\u0259sin\u0259 g&ouml;r\u0259 m\u0259suliyy\u0259ti &ouml;z &uuml;z\u0259rin\u0259 g&ouml;t&uuml;r&uuml;b.<\/p>\n<p>Qeyd edilir ki, \u0259m\u0259liyyat\u0131n m\u0259qs\u0259di g\u0259l\u0259c\u0259kd\u0259 \u0130ran t\u0259r\u0259find\u0259n h&uuml;cumlar\u0131n qar\u015f\u0131s\u0131n\u0131 almaq olub.<\/p>\n","protected":false},"excerpt":{"rendered":"<p>AB\u015e-\u0131n \u0130randak\u0131 maraqlar\u0131n\u0131 qoruyan \u0130sve&ccedil;r\u04d9 s\u04d9firliyinin m&uuml;v\u04d9qq\u04d9ti i\u015fl\u04d9r v\u04d9kili \u0130ran Xarici \u0130\u015fl\u04d9r Nazirliyin\u04d9 &ccedil;a\u011f\u0131r\u0131l\u0131b. Trend-in m\u04d9lumat\u0131na g&ouml;r\u04d9, bunu \u0130ran X\u0130N-in m\u04d9tbuat katibi Abbas Mus\u04d9vi Twitter s\u04d9hif\u04d9sind\u04d9 yaz\u0131b. A.Mus\u04d9vinin s&ouml;zl\u04d9rin\u04d9 g&ouml;r\u04d9,&hellip;<\/p>\n","protected":false},"author":1,"featured_media":251278,"comment_status":"open","ping_status":"open","sticky":false,"template":"","format":"standard","meta":{"_lmt_disableupdate":"","_lmt_disable":"","footnotes":""},"categories":[89],"tags":[],"class_list":["post-90849","post","type-post","status-publish","format-standard","has-post-thumbnail","hentry","category-dunya-butun-xeberler"],"_links":{"self":[{"href":"https:\/\/ucnoqta.az\/index.php?rest_route=\/wp\/v2\/posts\/90849","targetHints":{"allow":["GET"]}}],"collection":[{"href":"https:\/\/ucnoqta.az\/index.php?rest_route=\/wp\/v2\/posts"}],"about":[{"href":"https:\/\/ucnoqta.az\/index.php?rest_route=\/wp\/v2\/types\/post"}],"author":[{"embeddable":true,"href":"https:\/\/ucnoqta.az\/index.php?rest_route=\/wp\/v2\/users\/1"}],"replies":[{"embeddable":true,"href":"https:\/\/ucnoqta.az\/index.php?rest_route=%2Fwp%2Fv2%2Fcomments&post=90849"}],"version-history":[{"count":0,"href":"https:\/\/ucnoqta.az\/index.php?rest_route=\/wp\/v2\/posts\/90849\/revisions"}],"wp:featuredmedia":[{"embeddable":true,"href":"https:\/\/ucnoqta.az\/index.php?rest_route=\/wp\/v2\/media\/251278"}],"wp:attachment":[{"href":"https:\/\/ucnoqta.az\/index.php?rest_route=%2Fwp%2Fv2%2Fmedia&parent=90849"}],"wp:term":[{"taxonomy":"category","embeddable":true,"href":"https:\/\/ucnoqta.az\/index.php?rest_route=%2Fwp%2Fv2%2Fcategories&post=90849"},{"taxonomy":"post_tag","embeddable":true,"href":"https:\/\/ucnoqta.az\/index.php?rest_route=%2Fwp%2Fv2%2Ftags&post=90849"}],"curies":[{"name":"wp","href":"https:\/\/api.w.org\/{rel}","templated":true}]}}