{"id":89644,"date":"2019-12-09T21:12:54","date_gmt":"2019-12-09T17:12:54","guid":{"rendered":""},"modified":"-0001-11-30T00:00:00","modified_gmt":"-0001-11-29T20:00:00","slug":"","status":"publish","type":"post","link":"https:\/\/ucnoqta.az\/?p=89644","title":{"rendered":"Elmar M\u0259mm\u0259dyarov \u018flc\u0259zairin Az\u0259rbaycana yeni t\u0259yin olunmu\u015f s\u0259firini q\u0259bul edib- <font color=red><b>Foto<\/b><\/font>"},"content":{"rendered":"<p><strong>Xarici \u0130\u015fl\u0259r naziri Elmar M\u0259mm\u0259dyarov \u018flc\u0259zair Xalq Demokratik Respublikas\u0131n\u0131n Az\u0259rbaycan Respublikas\u0131na yeni t\u0259yin olunmu\u015f s\u0259firi xan\u0131m Salima Abdelhak\u0131 q\u0259bul edib.<\/strong><\/p>\n<p>X\u0130N-d\u0259n Ucnoqta.az-a veril\u0259n m\u0259lumata g&ouml;r\u0259, nazir Elmar M\u0259mm\u0259dyarov \u018flc\u0259zairin &ouml;lk\u0259mizd\u0259ki s\u0259firi xan\u0131m Salima Abdelhak\u0131 t\u0259yinat\u0131 m&uuml;nasib\u0259til\u0259 t\u0259brik ed\u0259r\u0259k, onun iki &ouml;lk\u0259 aras\u0131nda \u0259laq\u0259l\u0259rin daha da inki\u015faf\u0131na t&ouml;hf\u0259 ver\u0259c\u0259yin\u0259 &uuml;mid etdiyini bildirib.<\/p>\n<p>G&ouml;r&uuml;\u015f zaman\u0131 t\u0259r\u0259fl\u0259r Az\u0259rbaycan v\u0259 \u018flc\u0259zair aras\u0131nda iqtisadi, turizm, t\u0259hsil, m\u0259d\u0259niyy\u0259t v\u0259 dig\u0259r sah\u0259l\u0259rd\u0259 \u0259m\u0259kda\u015fl\u0131\u011f\u0131n inki\u015faf etdirilm\u0259sinin \u0259h\u0259miyy\u0259tini qeyd edibl\u0259r.<br \/>\nS\u0259fir Salima Abdelhak etimadnam\u0259sinin sur\u0259tini nazir Elmar M\u0259mm\u0259dyarova t\u0259qdim etdi v\u0259 diplomatik f\u0259aliyy\u0259ti m&uuml;dd\u0259tind\u0259 ikit\u0259r\u0259fli \u0259laq\u0259l\u0259rin inki\u015faf\u0131 &uuml;&ccedil;&uuml;n s\u0259yl\u0259rini \u0259sirg\u0259m\u0259y\u0259c\u0259yini bildirib.<br \/>\nNazir Elmar M\u0259mm\u0259dyarov S\u0259fir\u0259 diplomatik f\u0259aliyy\u0259tind\u0259 u\u011furlar arzu edib.<br \/>\n&nbsp;<\/p>\n","protected":false},"excerpt":{"rendered":"<p>Xarici \u0130\u015fl\u0259r naziri Elmar M\u0259mm\u0259dyarov \u018flc\u0259zair Xalq Demokratik Respublikas\u0131n\u0131n Az\u0259rbaycan Respublikas\u0131na yeni t\u0259yin olunmu\u015f s\u0259firi xan\u0131m Salima Abdelhak\u0131 q\u0259bul edib. X\u0130N-d\u0259n Ucnoqta.az-a veril\u0259n m\u0259lumata g&ouml;r\u0259, nazir Elmar M\u0259mm\u0259dyarov \u018flc\u0259zairin &ouml;lk\u0259mizd\u0259ki&hellip;<\/p>\n","protected":false},"author":1,"featured_media":251278,"comment_status":"open","ping_status":"open","sticky":false,"template":"","format":"standard","meta":{"_lmt_disableupdate":"","_lmt_disable":"","footnotes":""},"categories":[86],"tags":[],"class_list":["post-89644","post","type-post","status-publish","format-standard","has-post-thumbnail","hentry","category-siyaset"],"_links":{"self":[{"href":"https:\/\/ucnoqta.az\/index.php?rest_route=\/wp\/v2\/posts\/89644","targetHints":{"allow":["GET"]}}],"collection":[{"href":"https:\/\/ucnoqta.az\/index.php?rest_route=\/wp\/v2\/posts"}],"about":[{"href":"https:\/\/ucnoqta.az\/index.php?rest_route=\/wp\/v2\/types\/post"}],"author":[{"embeddable":true,"href":"https:\/\/ucnoqta.az\/index.php?rest_route=\/wp\/v2\/users\/1"}],"replies":[{"embeddable":true,"href":"https:\/\/ucnoqta.az\/index.php?rest_route=%2Fwp%2Fv2%2Fcomments&post=89644"}],"version-history":[{"count":0,"href":"https:\/\/ucnoqta.az\/index.php?rest_route=\/wp\/v2\/posts\/89644\/revisions"}],"wp:featuredmedia":[{"embeddable":true,"href":"https:\/\/ucnoqta.az\/index.php?rest_route=\/wp\/v2\/media\/251278"}],"wp:attachment":[{"href":"https:\/\/ucnoqta.az\/index.php?rest_route=%2Fwp%2Fv2%2Fmedia&parent=89644"}],"wp:term":[{"taxonomy":"category","embeddable":true,"href":"https:\/\/ucnoqta.az\/index.php?rest_route=%2Fwp%2Fv2%2Fcategories&post=89644"},{"taxonomy":"post_tag","embeddable":true,"href":"https:\/\/ucnoqta.az\/index.php?rest_route=%2Fwp%2Fv2%2Ftags&post=89644"}],"curies":[{"name":"wp","href":"https:\/\/api.w.org\/{rel}","templated":true}]}}