{"id":89643,"date":"2019-12-09T21:02:21","date_gmt":"2019-12-09T17:02:21","guid":{"rendered":""},"modified":"-0001-11-30T00:00:00","modified_gmt":"-0001-11-29T20:00:00","slug":"","status":"publish","type":"post","link":"https:\/\/ucnoqta.az\/?p=89643","title":{"rendered":"AB\u015e Avropaya 20 min \u0259sg\u0259r g\u00f6nd\u0259rir &#8211; <font color=red><b>25 ild\u0259 ilk<\/b><\/font>"},"content":{"rendered":"<p><strong>AB\u015e &ldquo;Avropa M&uuml;dafi\u0259&ccedil;isi 2020&rdquo; t\u0259liml\u0259rind\u0259 i\u015ftirak etm\u0259k &uuml;&ccedil;&uuml;n m&uuml;v\u0259qq\u0259ti olaraq 20 min n\u0259f\u0259r h\u0259rb&ccedil;isini Avropaya g&ouml;nd\u0259r\u0259c\u0259k.<\/strong><\/p>\n<p>&ldquo;Qafqazinfo&rdquo; &ldquo;R\u0130A Novosti&rdquo;y\u0259 isitnad\u0259n x\u0259b\u0259r verir ki, AB\u015e Briqada general\u0131 \u015eon Barnabinin s&ouml;zl\u0259rin\u0259 g&ouml;r\u0259, 20 min \u0259sg\u0259r Avropa &ouml;lk\u0259l\u0259ri &uuml;zr\u0259 b&ouml;l&uuml;n\u0259c\u0259kl\u0259r. &ldquo;Bu, son 25 ild\u0259 Avropaya g&ouml;nd\u0259ril\u0259n \u0259n b&ouml;y&uuml;k h\u0259rb&ccedil;i say\u0131d\u0131r&rdquo;, &#8211; dey\u0259 Barnabi qeyd edib.<\/p>\n<p>\u018fsg\u0259rl\u0259rin qat\u0131laca\u011f\u0131 t\u0259liml\u0259r aras\u0131nda &ldquo;C\u0259ld cavab&rdquo;, &ldquo;Birlik ruhu&rdquo;, &ldquo;Dinamik c\u0259bh\u0259&rdquo;, &ldquo;B\u0131&ccedil;aq t\u0259siri&rdquo; yer al\u0131r. Onlar 2020-ci ilin fevral-aprel aylar\u0131 \u0259rzind\u0259 Avropaya yola sal\u0131nacaqlar. T\u0259liml\u0259rd\u0259n sonra is\u0259 h\u0259rb&ccedil;il\u0259r AB\u015e-dak\u0131 yerl\u0259\u015fdirm\u0259 yerl\u0259rin\u0259 qay\u0131dacaq.<\/p>\n<p>Qeyd ed\u0259k ki, &ldquo;Avropa M&uuml;dafi\u0259&ccedil;isi 2020&rdquo; t\u0259liml\u0259rind\u0259 m&uuml;xt\u0259lif &ouml;lk\u0259l\u0259rd\u0259n 37 min h\u0259rb&ccedil;i i\u015ftirak ed\u0259c\u0259k.<\/p>\n","protected":false},"excerpt":{"rendered":"<p>AB\u015e &ldquo;Avropa M&uuml;dafi\u0259&ccedil;isi 2020&rdquo; t\u0259liml\u0259rind\u0259 i\u015ftirak etm\u0259k &uuml;&ccedil;&uuml;n m&uuml;v\u0259qq\u0259ti olaraq 20 min n\u0259f\u0259r h\u0259rb&ccedil;isini Avropaya g&ouml;nd\u0259r\u0259c\u0259k. &ldquo;Qafqazinfo&rdquo; &ldquo;R\u0130A Novosti&rdquo;y\u0259 isitnad\u0259n x\u0259b\u0259r verir ki, AB\u015e Briqada general\u0131 \u015eon Barnabinin s&ouml;zl\u0259rin\u0259 g&ouml;r\u0259,&hellip;<\/p>\n","protected":false},"author":1,"featured_media":251278,"comment_status":"open","ping_status":"open","sticky":false,"template":"","format":"standard","meta":{"_lmt_disableupdate":"","_lmt_disable":"","footnotes":""},"categories":[89],"tags":[],"class_list":["post-89643","post","type-post","status-publish","format-standard","has-post-thumbnail","hentry","category-dunya-butun-xeberler"],"_links":{"self":[{"href":"https:\/\/ucnoqta.az\/index.php?rest_route=\/wp\/v2\/posts\/89643","targetHints":{"allow":["GET"]}}],"collection":[{"href":"https:\/\/ucnoqta.az\/index.php?rest_route=\/wp\/v2\/posts"}],"about":[{"href":"https:\/\/ucnoqta.az\/index.php?rest_route=\/wp\/v2\/types\/post"}],"author":[{"embeddable":true,"href":"https:\/\/ucnoqta.az\/index.php?rest_route=\/wp\/v2\/users\/1"}],"replies":[{"embeddable":true,"href":"https:\/\/ucnoqta.az\/index.php?rest_route=%2Fwp%2Fv2%2Fcomments&post=89643"}],"version-history":[{"count":0,"href":"https:\/\/ucnoqta.az\/index.php?rest_route=\/wp\/v2\/posts\/89643\/revisions"}],"wp:featuredmedia":[{"embeddable":true,"href":"https:\/\/ucnoqta.az\/index.php?rest_route=\/wp\/v2\/media\/251278"}],"wp:attachment":[{"href":"https:\/\/ucnoqta.az\/index.php?rest_route=%2Fwp%2Fv2%2Fmedia&parent=89643"}],"wp:term":[{"taxonomy":"category","embeddable":true,"href":"https:\/\/ucnoqta.az\/index.php?rest_route=%2Fwp%2Fv2%2Fcategories&post=89643"},{"taxonomy":"post_tag","embeddable":true,"href":"https:\/\/ucnoqta.az\/index.php?rest_route=%2Fwp%2Fv2%2Ftags&post=89643"}],"curies":[{"name":"wp","href":"https:\/\/api.w.org\/{rel}","templated":true}]}}