{"id":89639,"date":"2019-12-09T18:44:11","date_gmt":"2019-12-09T14:44:11","guid":{"rendered":""},"modified":"-0001-11-30T00:00:00","modified_gmt":"-0001-11-29T20:00:00","slug":"","status":"publish","type":"post","link":"https:\/\/ucnoqta.az\/?p=89639","title":{"rendered":"Erm\u0259nistan telekanal\u0131 \u0130\u011fd\u0131r\u0131 erm\u0259ni \u015f\u0259h\u0259ri kimi t\u0259qdim etdi- T\u00fcrkiy\u0259d\u0259 <font color=red><b>NARAZILIQ<\/b><\/font>"},"content":{"rendered":"<p><strong>Erm\u0259nistanda f\u0259aliyy\u0259t g&ouml;st\u0259r\u0259n &ldquo;Western Armenian TV&rdquo; telekanal\u0131n\u0131n \u0130\u011fd\u0131r \u015f\u0259h\u0259rini &ldquo;Q\u0259rbi Erm\u0259nistan&rdquo; \u015f\u0259h\u0259ri kimi t\u0259qdim etm\u0259si T&uuml;rkiy\u0259d\u0259 naraz\u0131l\u0131\u011fa s\u0259b\u0259b olub.<\/strong><\/p>\n<p>APA-n\u0131n yerli b&uuml;rosunun &ldquo;H&uuml;rriy\u0259t&rdquo; q\u0259zetin\u0259 istinad\u0259n verdiyi x\u0259b\u0259r\u0259 g&ouml;r\u0259, T&uuml;rkiy\u0259-Az\u0259rbaycan Dostluq D\u0259rn\u0259kl\u0259ri s\u0259drinin m&uuml;avini, \u0130\u011fd\u0131r Az\u0259rbaycan Evi D\u0259rn\u0259yinin s\u0259dri S\u0259rdar &Uuml;nsal bildirib ki, \u0130\u011fd\u0131r t&uuml;rk \u015f\u0259h\u0259ridir v\u0259 onun &ldquo;Q\u0259rbi Erm\u0259nistan&rdquo;a aid olmas\u0131 m&uuml;mk&uuml;n deyil.<\/p>\n<p>&ldquo;T&uuml;rk d&uuml;\u015fm\u0259ni olan erm\u0259nil\u0259r h\u0259r f&uuml;rs\u0259td\u0259 g&ouml;st\u0259rirl\u0259r ki, onlar\u0131n g&ouml;z&uuml; ill\u0259rdir t&uuml;rk torpaqlar\u0131ndad\u0131r. Haz\u0131rda ya\u015fad\u0131qlar\u0131 \u0130r\u0259van \u015f\u0259h\u0259ri d\u0259 t&uuml;rk yurdudur, Q\u0259rbi Az\u0259rbaycan\u0131n bir par&ccedil;as\u0131d\u0131r&rdquo;, &#8211; dey\u0259 S. &Uuml;nsal vur\u011fulay\u0131b.&nbsp;<br \/>\n\u018fsass\u0131z Erm\u0259ni \u0130ddialar\u0131 il\u0259 M&uuml;bariz\u0259 D\u0259rn\u0259yinin&nbsp;(AS\u0130MDER) s\u0259dri G&ouml;ksel G&uuml;lbey qeyd edib ki, \u0130\u011fd\u0131rla b\u0259rab\u0259r, \u015e\u0259rqi v\u0259 C\u0259nub-\u015e\u0259rqi Anadoluda yerl\u0259\u015f\u0259n 20-y\u0259 yax\u0131n \u015f\u0259h\u0259ri d\u0259 &ldquo;Q\u0259rbi Erm\u0259nistan&rdquo; kimi g&ouml;st\u0259r\u0259n telekanal\u0131n yay\u0131m\u0131na icaz\u0259 ver\u0259n Erm\u0259nistan d&ouml;vl\u0259ti a&ccedil;\u0131q \u015f\u0259kild\u0259 T&uuml;rkiy\u0259 torpaqlar\u0131na \u0259razi iddias\u0131n\u0131 ortaya qoyub.<\/p>\n<p>O bildirib ki, Avropada ya\u015fayan, 1915-ci ild\u0259 Osmanl\u0131 imperiyas\u0131 d&ouml;vr&uuml;nd\u0259 deportasiya edil\u0259n erm\u0259ni ail\u0259l\u0259rinin n\u0259v\u0259l\u0259rinin ba\u015flatd\u0131\u011f\u0131 bu h\u0259r\u0259kat Fransa v\u0259 Erm\u0259nistan t\u0259r\u0259find\u0259n d\u0259st\u0259kl\u0259nir.<br \/>\nG. G&uuml;lbey vur\u011fulay\u0131b ki, T&uuml;rkiy\u0259 Xarici \u0130\u015fl\u0259r Nazirliyi m\u0259s\u0259l\u0259 il\u0259 ba\u011fl\u0131 Erm\u0259nistana nota verm\u0259lidir.<\/p>\n","protected":false},"excerpt":{"rendered":"<p>Erm\u0259nistanda f\u0259aliyy\u0259t g&ouml;st\u0259r\u0259n &ldquo;Western Armenian TV&rdquo; telekanal\u0131n\u0131n \u0130\u011fd\u0131r \u015f\u0259h\u0259rini &ldquo;Q\u0259rbi Erm\u0259nistan&rdquo; \u015f\u0259h\u0259ri kimi t\u0259qdim etm\u0259si T&uuml;rkiy\u0259d\u0259 naraz\u0131l\u0131\u011fa s\u0259b\u0259b olub. APA-n\u0131n yerli b&uuml;rosunun &ldquo;H&uuml;rriy\u0259t&rdquo; q\u0259zetin\u0259 istinad\u0259n verdiyi x\u0259b\u0259r\u0259 g&ouml;r\u0259, T&uuml;rkiy\u0259-Az\u0259rbaycan Dostluq&hellip;<\/p>\n","protected":false},"author":1,"featured_media":251278,"comment_status":"open","ping_status":"open","sticky":false,"template":"","format":"standard","meta":{"_lmt_disableupdate":"","_lmt_disable":"","footnotes":""},"categories":[],"tags":[],"class_list":["post-89639","post","type-post","status-publish","format-standard","has-post-thumbnail","hentry"],"_links":{"self":[{"href":"https:\/\/ucnoqta.az\/index.php?rest_route=\/wp\/v2\/posts\/89639","targetHints":{"allow":["GET"]}}],"collection":[{"href":"https:\/\/ucnoqta.az\/index.php?rest_route=\/wp\/v2\/posts"}],"about":[{"href":"https:\/\/ucnoqta.az\/index.php?rest_route=\/wp\/v2\/types\/post"}],"author":[{"embeddable":true,"href":"https:\/\/ucnoqta.az\/index.php?rest_route=\/wp\/v2\/users\/1"}],"replies":[{"embeddable":true,"href":"https:\/\/ucnoqta.az\/index.php?rest_route=%2Fwp%2Fv2%2Fcomments&post=89639"}],"version-history":[{"count":0,"href":"https:\/\/ucnoqta.az\/index.php?rest_route=\/wp\/v2\/posts\/89639\/revisions"}],"wp:featuredmedia":[{"embeddable":true,"href":"https:\/\/ucnoqta.az\/index.php?rest_route=\/wp\/v2\/media\/251278"}],"wp:attachment":[{"href":"https:\/\/ucnoqta.az\/index.php?rest_route=%2Fwp%2Fv2%2Fmedia&parent=89639"}],"wp:term":[{"taxonomy":"category","embeddable":true,"href":"https:\/\/ucnoqta.az\/index.php?rest_route=%2Fwp%2Fv2%2Fcategories&post=89639"},{"taxonomy":"post_tag","embeddable":true,"href":"https:\/\/ucnoqta.az\/index.php?rest_route=%2Fwp%2Fv2%2Ftags&post=89639"}],"curies":[{"name":"wp","href":"https:\/\/api.w.org\/{rel}","templated":true}]}}