{"id":89636,"date":"2019-12-09T18:19:10","date_gmt":"2019-12-09T14:19:10","guid":{"rendered":""},"modified":"-0001-11-30T00:00:00","modified_gmt":"-0001-11-29T20:00:00","slug":"","status":"publish","type":"post","link":"https:\/\/ucnoqta.az\/?p=89636","title":{"rendered":"\u0130\u015fg\u0259nc\u0259y\u0259 m\u0259ruz qalan u\u015faqlar\u0131n n\u0259n\u0259si dan\u0131\u015fd\u0131 &#8211; <font color=red><b>Video<\/b><\/font>"},"content":{"rendered":"<p><strong>Bak\u0131da atas\u0131 v\u0259 &ouml;gey anas\u0131 t\u0259r\u0259find\u0259n i\u015fg\u0259nc\u0259l\u0259r\u0259 m\u0259ruz qalan H&uuml;seyn v\u0259 Qulunun n\u0259n\u0259si Tama\u015fa \u0130brahimova a&ccedil;\u0131qlama verib.<\/strong><\/p>\n<p>Ucnoqta.az x\u0259b\u0259r verir ki, &quot;Qafqazinfo&quot;ya dan\u0131\u015fan qad\u0131n n\u0259v\u0259l\u0259rinin ba\u015f\u0131na g\u0259tiril\u0259nl\u0259rd\u0259n s&ouml;z a&ccedil;\u0131b.<\/p>\n<p>Qeyd ed\u0259k ki, Bak\u0131da ya\u015fayan Qulu v\u0259 H&uuml;seyn adl\u0131 qarda\u015flar\u0131n anas\u0131 onlar k&ouml;rp\u0259 ik\u0259n v\u0259fat edib. Himay\u0259sind\u0259 qald\u0131\u011f\u0131 atalar\u0131, A\u011fcab\u0259di rayon sakini X\u0259qani \u018fkb\u0259rov is\u0259 Nuran\u0259 adl\u0131 qad\u0131nla ail\u0259 qurub. Bundan sonra u\u015faqlar\u0131n atas\u0131 h\u0259yat yolda\u015f\u0131 il\u0259 birlikd\u0259 h\u0259r iki o\u011fluna m&uuml;xt\u0259lif i\u015fg\u0259nc\u0259l\u0259r verib.&nbsp; H\u0259r iki valideynin u\u015faqlara \u0259zab verm\u0259si il\u0259 ba\u011fl\u0131 toplanm\u0131\u015f materiallar cinay\u0259t i\u015finin ba\u015flanmas\u0131 m\u0259s\u0259l\u0259sin\u0259 bax\u0131lmas\u0131 &uuml;&ccedil;&uuml;n Sabun&ccedil;u Rayon Prokurorlu\u011funa g&ouml;nd\u0259rilib&rdquo;.&nbsp;<\/p>\n<p><iframe allow=\"accelerometer; autoplay; encrypted-media; gyroscope; picture-in-picture\" allowfullscreen=\"\" frameborder=\"0\" height=\"315\" src=\"https:\/\/www.youtube.com\/embed\/hJUEexp8K-0\" width=\"560\"><\/iframe><\/p>\n","protected":false},"excerpt":{"rendered":"<p>Bak\u0131da atas\u0131 v\u0259 &ouml;gey anas\u0131 t\u0259r\u0259find\u0259n i\u015fg\u0259nc\u0259l\u0259r\u0259 m\u0259ruz qalan H&uuml;seyn v\u0259 Qulunun n\u0259n\u0259si Tama\u015fa \u0130brahimova a&ccedil;\u0131qlama verib. Ucnoqta.az x\u0259b\u0259r verir ki, &quot;Qafqazinfo&quot;ya dan\u0131\u015fan qad\u0131n n\u0259v\u0259l\u0259rinin ba\u015f\u0131na g\u0259tiril\u0259nl\u0259rd\u0259n s&ouml;z a&ccedil;\u0131b. Qeyd&hellip;<\/p>\n","protected":false},"author":1,"featured_media":251278,"comment_status":"open","ping_status":"open","sticky":false,"template":"","format":"standard","meta":{"_lmt_disableupdate":"","_lmt_disable":"","footnotes":""},"categories":[],"tags":[],"class_list":["post-89636","post","type-post","status-publish","format-standard","has-post-thumbnail","hentry"],"_links":{"self":[{"href":"https:\/\/ucnoqta.az\/index.php?rest_route=\/wp\/v2\/posts\/89636","targetHints":{"allow":["GET"]}}],"collection":[{"href":"https:\/\/ucnoqta.az\/index.php?rest_route=\/wp\/v2\/posts"}],"about":[{"href":"https:\/\/ucnoqta.az\/index.php?rest_route=\/wp\/v2\/types\/post"}],"author":[{"embeddable":true,"href":"https:\/\/ucnoqta.az\/index.php?rest_route=\/wp\/v2\/users\/1"}],"replies":[{"embeddable":true,"href":"https:\/\/ucnoqta.az\/index.php?rest_route=%2Fwp%2Fv2%2Fcomments&post=89636"}],"version-history":[{"count":0,"href":"https:\/\/ucnoqta.az\/index.php?rest_route=\/wp\/v2\/posts\/89636\/revisions"}],"wp:featuredmedia":[{"embeddable":true,"href":"https:\/\/ucnoqta.az\/index.php?rest_route=\/wp\/v2\/media\/251278"}],"wp:attachment":[{"href":"https:\/\/ucnoqta.az\/index.php?rest_route=%2Fwp%2Fv2%2Fmedia&parent=89636"}],"wp:term":[{"taxonomy":"category","embeddable":true,"href":"https:\/\/ucnoqta.az\/index.php?rest_route=%2Fwp%2Fv2%2Fcategories&post=89636"},{"taxonomy":"post_tag","embeddable":true,"href":"https:\/\/ucnoqta.az\/index.php?rest_route=%2Fwp%2Fv2%2Ftags&post=89636"}],"curies":[{"name":"wp","href":"https:\/\/api.w.org\/{rel}","templated":true}]}}