{"id":89632,"date":"2019-12-09T17:50:35","date_gmt":"2019-12-09T13:50:35","guid":{"rendered":""},"modified":"-0001-11-30T00:00:00","modified_gmt":"-0001-11-29T20:00:00","slug":"","status":"publish","type":"post","link":"https:\/\/ucnoqta.az\/?p=89632","title":{"rendered":"Bak\u0131n\u0131n \u0259n b\u00f6y\u00fck Yeni il yolkas\u0131n\u0131n yeri d\u0259yi\u015fdirildi"},"content":{"rendered":"<p><strong>Qar\u015f\u0131dan g\u0259l\u0259n 31 dekabr &#8211; D&uuml;nya Az\u0259rbaycanl\u0131lar\u0131n\u0131n H\u0259mr\u0259ylik G&uuml;n&uuml; v\u0259 1 yanvar &#8211; Yeni il bayram\u0131 il\u0259 \u0259laq\u0259dar paytaxt Bak\u0131da qura\u015fd\u0131r\u0131lacaq \u0259n b&ouml;y&uuml;k Yeni il yolkas\u0131n\u0131n qurulaca\u011f\u0131 yer m\u0259lum olub.<\/strong><\/p>\n<p>Bu bar\u0259d\u0259 Trend-\u0259 Bak\u0131 \u015e\u0259h\u0259r \u0130cra Hakimiyy\u0259tinin Xidm\u0259t v\u0259 Ticar\u0259t Departamentind\u0259n m\u0259lumat verilib.<\/p>\n<p>M\u0259lumata g&ouml;r\u0259, Bak\u0131n\u0131n m&uuml;xt\u0259lif yerl\u0259rind\u0259 yolkalar qura\u015fd\u0131r\u0131lacaq: &quot;Rayon icra hakimiyy\u0259tl\u0259ri t\u0259r\u0259find\u0259n yeni il yolkalar\u0131 Bak\u0131dak\u0131 park v\u0259 istirah\u0259t m\u0259rk\u0259zl\u0259rind\u0259 qura\u015fd\u0131r\u0131lacaq. Bak\u0131n\u0131n \u0259n b&ouml;y&uuml;k yolkas\u0131 is\u0259 bu d\u0259f\u0259 Azneft dair\u0259sind\u0259 qurulacaq. H\u0259min yolkan\u0131n h&uuml;nd&uuml;rl&uuml;y&uuml; 34 metr olacaq. Yolkalar\u0131n qura\u015fd\u0131r\u0131lmas\u0131na dekabr\u0131n 15-d\u0259n start veril\u0259c\u0259k&quot;.<\/p>\n<p>Xat\u0131rladaq ki. &ouml;t\u0259n il Bak\u0131n\u0131n \u0259n b&ouml;y&uuml;k yeni il yolkas\u0131 paytaxt\u0131n Azadl\u0131q meydan\u0131nda qura\u015fd\u0131r\u0131lm\u0131\u015fd\u0131. Yolkan\u0131n h&uuml;nd&uuml;rl&uuml;y&uuml; 37 metr diametri is\u0259 16 metr idi.<\/p>\n","protected":false},"excerpt":{"rendered":"<p>Qar\u015f\u0131dan g\u0259l\u0259n 31 dekabr &#8211; D&uuml;nya Az\u0259rbaycanl\u0131lar\u0131n\u0131n H\u0259mr\u0259ylik G&uuml;n&uuml; v\u0259 1 yanvar &#8211; Yeni il bayram\u0131 il\u0259 \u0259laq\u0259dar paytaxt Bak\u0131da qura\u015fd\u0131r\u0131lacaq \u0259n b&ouml;y&uuml;k Yeni il yolkas\u0131n\u0131n qurulaca\u011f\u0131 yer m\u0259lum olub.&hellip;<\/p>\n","protected":false},"author":1,"featured_media":251278,"comment_status":"open","ping_status":"open","sticky":false,"template":"","format":"standard","meta":{"_lmt_disableupdate":"","_lmt_disable":"","footnotes":""},"categories":[101],"tags":[],"class_list":["post-89632","post","type-post","status-publish","format-standard","has-post-thumbnail","hentry","category-cemiyyet"],"_links":{"self":[{"href":"https:\/\/ucnoqta.az\/index.php?rest_route=\/wp\/v2\/posts\/89632","targetHints":{"allow":["GET"]}}],"collection":[{"href":"https:\/\/ucnoqta.az\/index.php?rest_route=\/wp\/v2\/posts"}],"about":[{"href":"https:\/\/ucnoqta.az\/index.php?rest_route=\/wp\/v2\/types\/post"}],"author":[{"embeddable":true,"href":"https:\/\/ucnoqta.az\/index.php?rest_route=\/wp\/v2\/users\/1"}],"replies":[{"embeddable":true,"href":"https:\/\/ucnoqta.az\/index.php?rest_route=%2Fwp%2Fv2%2Fcomments&post=89632"}],"version-history":[{"count":0,"href":"https:\/\/ucnoqta.az\/index.php?rest_route=\/wp\/v2\/posts\/89632\/revisions"}],"wp:featuredmedia":[{"embeddable":true,"href":"https:\/\/ucnoqta.az\/index.php?rest_route=\/wp\/v2\/media\/251278"}],"wp:attachment":[{"href":"https:\/\/ucnoqta.az\/index.php?rest_route=%2Fwp%2Fv2%2Fmedia&parent=89632"}],"wp:term":[{"taxonomy":"category","embeddable":true,"href":"https:\/\/ucnoqta.az\/index.php?rest_route=%2Fwp%2Fv2%2Fcategories&post=89632"},{"taxonomy":"post_tag","embeddable":true,"href":"https:\/\/ucnoqta.az\/index.php?rest_route=%2Fwp%2Fv2%2Ftags&post=89632"}],"curies":[{"name":"wp","href":"https:\/\/api.w.org\/{rel}","templated":true}]}}