{"id":89629,"date":"2019-12-09T15:36:54","date_gmt":"2019-12-09T11:36:54","guid":{"rendered":""},"modified":"-0001-11-30T00:00:00","modified_gmt":"-0001-11-29T20:00:00","slug":"","status":"publish","type":"post","link":"https:\/\/ucnoqta.az\/?p=89629","title":{"rendered":"\u018frdo\u011fan Fransa Prezidentini t\u0259nqid edib"},"content":{"rendered":"<p><strong>T&uuml;rkiy\u0259 prezidenti R\u0259c\u0259b Tayyib \u018frdo\u011fan Fransa prezidenti Emmanuel Makronu t\u0259nqid edib.<\/strong><\/p>\n<p>APA-n\u0131n x\u0259b\u0259rin\u0259 g&ouml;r\u0259, \u0130slam \u018fm\u0259kda\u015fl\u0131q T\u0259\u015fkilat\u0131na &uuml;zv &ouml;lk\u0259l\u0259rin nazirl\u0259r toplant\u0131s\u0131nda &ccedil;\u0131x\u0131\u015f ed\u0259n T&uuml;rkiy\u0259 prezidenti fransal\u0131 h\u0259mkar\u0131n\u0131 &ldquo;\u0130slami terror&rdquo; ifad\u0259si istifad\u0259 etdiyi &uuml;&ccedil;&uuml;n q\u0131nay\u0131b.<\/p>\n<p>&ldquo;Son NATO zirv\u0259sind\u0259 Fransan\u0131n prezidenti &ldquo;\u0130slami terror&rdquo;dan b\u0259hs edir. &Ouml;z&uuml;n\u0259 bir ne&ccedil;\u0259 d\u0259f\u0259 demi\u015f\u0259m ki, \u0130slam\u0131n anlam\u0131 s&uuml;lhd&uuml;r. Siz &ldquo;\u0130slami terror&rdquo; ifad\u0259si il\u0259 s&uuml;lh v\u0259 terroru nec\u0259 bir araya g\u0259tir\u0259 bil\u0259rsiniz?! Bel\u0259 bir \u015fey ola bilm\u0259z. O, qar\u015f\u0131m\u0131zda susur v\u0259 son NATO zirv\u0259sind\u0259 yen\u0259 eyni ifad\u0259ni s\u0259sl\u0259ndirir&rdquo;, &#8211; dey\u0259 T&uuml;rkiy\u0259 prezidenti bildirib.<\/p>\n","protected":false},"excerpt":{"rendered":"<p>T&uuml;rkiy\u0259 prezidenti R\u0259c\u0259b Tayyib \u018frdo\u011fan Fransa prezidenti Emmanuel Makronu t\u0259nqid edib. APA-n\u0131n x\u0259b\u0259rin\u0259 g&ouml;r\u0259, \u0130slam \u018fm\u0259kda\u015fl\u0131q T\u0259\u015fkilat\u0131na &uuml;zv &ouml;lk\u0259l\u0259rin nazirl\u0259r toplant\u0131s\u0131nda &ccedil;\u0131x\u0131\u015f ed\u0259n T&uuml;rkiy\u0259 prezidenti fransal\u0131 h\u0259mkar\u0131n\u0131 &ldquo;\u0130slami terror&rdquo; ifad\u0259si&hellip;<\/p>\n","protected":false},"author":1,"featured_media":251278,"comment_status":"open","ping_status":"open","sticky":false,"template":"","format":"standard","meta":{"_lmt_disableupdate":"","_lmt_disable":"","footnotes":""},"categories":[89],"tags":[],"class_list":["post-89629","post","type-post","status-publish","format-standard","has-post-thumbnail","hentry","category-dunya-butun-xeberler"],"_links":{"self":[{"href":"https:\/\/ucnoqta.az\/index.php?rest_route=\/wp\/v2\/posts\/89629","targetHints":{"allow":["GET"]}}],"collection":[{"href":"https:\/\/ucnoqta.az\/index.php?rest_route=\/wp\/v2\/posts"}],"about":[{"href":"https:\/\/ucnoqta.az\/index.php?rest_route=\/wp\/v2\/types\/post"}],"author":[{"embeddable":true,"href":"https:\/\/ucnoqta.az\/index.php?rest_route=\/wp\/v2\/users\/1"}],"replies":[{"embeddable":true,"href":"https:\/\/ucnoqta.az\/index.php?rest_route=%2Fwp%2Fv2%2Fcomments&post=89629"}],"version-history":[{"count":0,"href":"https:\/\/ucnoqta.az\/index.php?rest_route=\/wp\/v2\/posts\/89629\/revisions"}],"wp:featuredmedia":[{"embeddable":true,"href":"https:\/\/ucnoqta.az\/index.php?rest_route=\/wp\/v2\/media\/251278"}],"wp:attachment":[{"href":"https:\/\/ucnoqta.az\/index.php?rest_route=%2Fwp%2Fv2%2Fmedia&parent=89629"}],"wp:term":[{"taxonomy":"category","embeddable":true,"href":"https:\/\/ucnoqta.az\/index.php?rest_route=%2Fwp%2Fv2%2Fcategories&post=89629"},{"taxonomy":"post_tag","embeddable":true,"href":"https:\/\/ucnoqta.az\/index.php?rest_route=%2Fwp%2Fv2%2Ftags&post=89629"}],"curies":[{"name":"wp","href":"https:\/\/api.w.org\/{rel}","templated":true}]}}