{"id":89628,"date":"2019-12-09T13:41:35","date_gmt":"2019-12-09T09:41:35","guid":{"rendered":""},"modified":"-0001-11-30T00:00:00","modified_gmt":"-0001-11-29T20:00:00","slug":"","status":"publish","type":"post","link":"https:\/\/ucnoqta.az\/?p=89628","title":{"rendered":"Az\u0259rbaycanda tikinti \u015firk\u0259tinin direktoru h\u0259bs edilib"},"content":{"rendered":"<p><strong>Az\u0259rbaycanda tikinti \u015firk\u0259tinin direktoru h\u0259bs edilib.<\/strong><\/p>\n<p>&nbsp;&quot;\u0130\u015f\u0131q in\u015faat&quot; MMC-nin v\u0259 eyni adl\u0131 MTK-n\u0131n t\u0259sis&ccedil;i v\u0259 direktoru \u015eir\u0259liyev Cavan\u015fir Qarda\u015f o\u011flu d\u0259l\u0259duzluqda t\u0259qsirl\u0259ndirilib. \u0130ttihama g&ouml;r\u0259, C.\u015eir\u0259liyev faktiki r\u0259hb\u0259rlik etdiyi MTK-n\u0131n Bak\u0131 \u015f\u0259h\u0259ri Tbilisi prospektind\u0259 tikdiyi binada eyni m\u0259nzill\u0259ri bir ne&ccedil;\u0259 \u015f\u0259xs\u0259 satmaqla ayr\u0131-ayr\u0131 v\u0259t\u0259nda\u015flara k&uuml;lli miqdarda ziyan vurulmas\u0131 il\u0259 n\u0259tic\u0259l\u0259n\u0259n d\u0259l\u0259duzluq edib. C.\u015eir\u0259liyev d\u0259l\u0259duzluq yolu il\u0259 ayr\u0131-ayr\u0131 v\u0259t\u0259nda\u015flardan y&uuml;z minl\u0259rl\u0259 manat m\u0259nims\u0259m\u0259kd\u0259 ittiham olunur.<\/p>\n<p>Cinay\u0259t M\u0259c\u0259ll\u0259sinin 178.3.2-ci (d\u0259l\u0259duzluq, k&uuml;lli miqdarda ziyan vurmaqla t&ouml;r\u0259dildikd\u0259) madd\u0259si il\u0259 t\u0259qsirl\u0259ndiril\u0259n C.\u015eir\u0259liyevin bar\u0259sind\u0259 S\u0259bail rayon m\u0259hk\u0259m\u0259sinin q\u0259rar\u0131 4 ay m&uuml;dd\u0259tind\u0259 h\u0259bs q\u0259timkan t\u0259dbiri se&ccedil;ilib.<\/p>\n<p>Ehtimal olunur ki, C.\u015eir\u0259liyevin \u0259m\u0259ll\u0259rind\u0259n ziyan &ccedil;\u0259k\u0259n m\u0259nzil alanlar\u0131n say\u0131 istintaqa indiy\u0259d\u0259k m\u0259lum olanlardan daha &ccedil;oxdur. Ona g&ouml;r\u0259 d\u0259 \u015firk\u0259t r\u0259hb\u0259rinin \u0259m\u0259ll\u0259rind\u0259n z\u0259r\u0259r&ccedil;\u0259kmi\u015f \u015f\u0259xsl\u0259rin say\u0131n\u0131n artaca\u011f\u0131 g&ouml;zl\u0259nilir.<\/p>\n<p>Eyni zamanda, C.\u015eir\u0259liyevin direktoru oldu\u011fu Yevlax K\u0259rpic Zavodunun ad\u0131na &quot;D\u0259mirbank&quot; ASC-d\u0259n g&ouml;t&uuml;rd&uuml;y&uuml; 560 min AB\u015e dollar\u0131 krediti t\u0259yinat\u0131 &uuml;zr\u0259 x\u0259rcl\u0259m\u0259y\u0259r\u0259k m\u0259nims\u0259m\u0259sin\u0259, h\u0259m&ccedil;inin, bu k\u0259rpic zavoduna r\u0259hb\u0259rlik etdiyi d&ouml;vrd\u0259 300 min manatdan art\u0131q m\u0259bl\u0259\u011fi vergid\u0259n yay\u0131nd\u0131rmas\u0131na dair d\u0259 m\u0259lumatlar var.<\/p>\n<p>C.\u015eir\u0259liyev S\u0259bail Rayon M\u0259hk\u0259m\u0259sinin q\u0259rar\u0131ndan \u015fikay\u0259t verib. Bu g&uuml;n Bak\u0131 Apellyasiya M\u0259hk\u0259m\u0259sind\u0259 \u015fikay\u0259t\u0259 bax\u0131lacaq.\/trend<\/p>\n","protected":false},"excerpt":{"rendered":"<p>Az\u0259rbaycanda tikinti \u015firk\u0259tinin direktoru h\u0259bs edilib. &nbsp;&quot;\u0130\u015f\u0131q in\u015faat&quot; MMC-nin v\u0259 eyni adl\u0131 MTK-n\u0131n t\u0259sis&ccedil;i v\u0259 direktoru \u015eir\u0259liyev Cavan\u015fir Qarda\u015f o\u011flu d\u0259l\u0259duzluqda t\u0259qsirl\u0259ndirilib. \u0130ttihama g&ouml;r\u0259, C.\u015eir\u0259liyev faktiki r\u0259hb\u0259rlik etdiyi MTK-n\u0131n Bak\u0131&hellip;<\/p>\n","protected":false},"author":1,"featured_media":251278,"comment_status":"open","ping_status":"open","sticky":false,"template":"","format":"standard","meta":{"_lmt_disableupdate":"","_lmt_disable":"","footnotes":""},"categories":[],"tags":[],"class_list":["post-89628","post","type-post","status-publish","format-standard","has-post-thumbnail","hentry"],"_links":{"self":[{"href":"https:\/\/ucnoqta.az\/index.php?rest_route=\/wp\/v2\/posts\/89628","targetHints":{"allow":["GET"]}}],"collection":[{"href":"https:\/\/ucnoqta.az\/index.php?rest_route=\/wp\/v2\/posts"}],"about":[{"href":"https:\/\/ucnoqta.az\/index.php?rest_route=\/wp\/v2\/types\/post"}],"author":[{"embeddable":true,"href":"https:\/\/ucnoqta.az\/index.php?rest_route=\/wp\/v2\/users\/1"}],"replies":[{"embeddable":true,"href":"https:\/\/ucnoqta.az\/index.php?rest_route=%2Fwp%2Fv2%2Fcomments&post=89628"}],"version-history":[{"count":0,"href":"https:\/\/ucnoqta.az\/index.php?rest_route=\/wp\/v2\/posts\/89628\/revisions"}],"wp:featuredmedia":[{"embeddable":true,"href":"https:\/\/ucnoqta.az\/index.php?rest_route=\/wp\/v2\/media\/251278"}],"wp:attachment":[{"href":"https:\/\/ucnoqta.az\/index.php?rest_route=%2Fwp%2Fv2%2Fmedia&parent=89628"}],"wp:term":[{"taxonomy":"category","embeddable":true,"href":"https:\/\/ucnoqta.az\/index.php?rest_route=%2Fwp%2Fv2%2Fcategories&post=89628"},{"taxonomy":"post_tag","embeddable":true,"href":"https:\/\/ucnoqta.az\/index.php?rest_route=%2Fwp%2Fv2%2Ftags&post=89628"}],"curies":[{"name":"wp","href":"https:\/\/api.w.org\/{rel}","templated":true}]}}