{"id":89623,"date":"2019-12-09T12:20:25","date_gmt":"2019-12-09T08:20:25","guid":{"rendered":""},"modified":"-0001-11-30T00:00:00","modified_gmt":"-0001-11-29T20:00:00","slug":"","status":"publish","type":"post","link":"https:\/\/ucnoqta.az\/?p=89623","title":{"rendered":"Q\u0131z\u0131n\u0131n intihar etdiyi deyil\u0259n direktor: <font color=red><b>\u201cQ\u0131z\u0131m intihar etm\u0259yib, &#8230;&#8221;<\/b><\/font>"},"content":{"rendered":"<p><strong>Az\u0259rbaycan millisinin v\u0259 &quot;Ke\u015fl\u0259&quot;nin m&uuml;dafi\u0259&ccedil;isi \u0130lkin Q\u0131rt\u0131movun bac\u0131s\u0131n\u0131n intihar\u0131 il\u0259 ba\u011fl\u0131 atas\u0131, Zaqatala rayon A\u015fa\u011f\u0131 Tala k\u0259nd 3 sayl\u0131 orta m\u0259kt\u0259bin direktoru \u0130lham Q\u0131rt\u0131mov a&ccedil;\u0131qlama verib.<\/strong><\/p>\n<p>Ucnoqta.az x\u0259b\u0259r verir ki, \u0130lham Q\u0131rt\u0131mov&nbsp;Unikal.org-a a&ccedil;\u0131qlamas\u0131nda bildirib ki, q\u0131z\u0131 intihar deyil, b\u0259db\u0259xt hadis\u0259 n\u0259tic\u0259sind\u0259 d&uuml;nyas\u0131n\u0131 d\u0259yi\u015fib:<br \/>\n&ldquo;Sevinc Yasamalda o\u011flum il\u0259 (&quot;Ke\u015fl\u0259&quot;nin m&uuml;dafi\u0259&ccedil;isi \u0130lkin Q\u0131rt\u0131mov) birlikd\u0259 ya\u015fay\u0131rd\u0131. Hadis\u0259 Yasamalda binan\u0131n 18-ci m\u0259rt\u0259b\u0259sind\u0259 ba\u015f verib. Bir ne&ccedil;\u0259 g&uuml;n idi, q\u0131z\u0131m m\u0259d\u0259sind\u0259n \u015fikay\u0259t edirdi. Buna g&ouml;r\u0259 d\u0259 m&uuml;alic\u0259 &uuml;&ccedil;&uuml;n iyn\u0259-d\u0259rman etdirirdi. Q\u0131z\u0131m evin i&ccedil;ind\u0259 qaytarma\u011fa ba\u015flay\u0131b. &Ouml;z&uuml;n&uuml; pis hiss etdiyind\u0259n hava almaq &uuml;&ccedil;&uuml;n evin eyvan\u0131na &ccedil;\u0131x\u0131b. Yenid\u0259n &nbsp;qaytaranda aya\u011f\u0131 s&uuml;r&uuml;\u015f&uuml;b v\u0259 a\u015fa\u011f\u0131 d&uuml;\u015f&uuml;b.(a\u011flay\u0131r)&rdquo;.<\/p>\n<p>\u0130lham Q\u0131rt\u0131mov &ouml;vlad\u0131n\u0131n subay oldu\u011funu, Az\u0259rbaycan Milli Konservatoriyas\u0131nda &ccedil;al\u0131\u015fd\u0131\u011f\u0131n\u0131 bildirib.<\/p>\n","protected":false},"excerpt":{"rendered":"<p>Az\u0259rbaycan millisinin v\u0259 &quot;Ke\u015fl\u0259&quot;nin m&uuml;dafi\u0259&ccedil;isi \u0130lkin Q\u0131rt\u0131movun bac\u0131s\u0131n\u0131n intihar\u0131 il\u0259 ba\u011fl\u0131 atas\u0131, Zaqatala rayon A\u015fa\u011f\u0131 Tala k\u0259nd 3 sayl\u0131 orta m\u0259kt\u0259bin direktoru \u0130lham Q\u0131rt\u0131mov a&ccedil;\u0131qlama verib. Ucnoqta.az x\u0259b\u0259r verir ki,&hellip;<\/p>\n","protected":false},"author":1,"featured_media":251278,"comment_status":"open","ping_status":"open","sticky":false,"template":"","format":"standard","meta":{"_lmt_disableupdate":"","_lmt_disable":"","footnotes":""},"categories":[],"tags":[],"class_list":["post-89623","post","type-post","status-publish","format-standard","has-post-thumbnail","hentry"],"_links":{"self":[{"href":"https:\/\/ucnoqta.az\/index.php?rest_route=\/wp\/v2\/posts\/89623","targetHints":{"allow":["GET"]}}],"collection":[{"href":"https:\/\/ucnoqta.az\/index.php?rest_route=\/wp\/v2\/posts"}],"about":[{"href":"https:\/\/ucnoqta.az\/index.php?rest_route=\/wp\/v2\/types\/post"}],"author":[{"embeddable":true,"href":"https:\/\/ucnoqta.az\/index.php?rest_route=\/wp\/v2\/users\/1"}],"replies":[{"embeddable":true,"href":"https:\/\/ucnoqta.az\/index.php?rest_route=%2Fwp%2Fv2%2Fcomments&post=89623"}],"version-history":[{"count":0,"href":"https:\/\/ucnoqta.az\/index.php?rest_route=\/wp\/v2\/posts\/89623\/revisions"}],"wp:featuredmedia":[{"embeddable":true,"href":"https:\/\/ucnoqta.az\/index.php?rest_route=\/wp\/v2\/media\/251278"}],"wp:attachment":[{"href":"https:\/\/ucnoqta.az\/index.php?rest_route=%2Fwp%2Fv2%2Fmedia&parent=89623"}],"wp:term":[{"taxonomy":"category","embeddable":true,"href":"https:\/\/ucnoqta.az\/index.php?rest_route=%2Fwp%2Fv2%2Fcategories&post=89623"},{"taxonomy":"post_tag","embeddable":true,"href":"https:\/\/ucnoqta.az\/index.php?rest_route=%2Fwp%2Fv2%2Ftags&post=89623"}],"curies":[{"name":"wp","href":"https:\/\/api.w.org\/{rel}","templated":true}]}}