{"id":89621,"date":"2019-12-09T12:12:31","date_gmt":"2019-12-09T08:12:31","guid":{"rendered":""},"modified":"-0001-11-30T00:00:00","modified_gmt":"-0001-11-29T20:00:00","slug":"","status":"publish","type":"post","link":"https:\/\/ucnoqta.az\/?p=89621","title":{"rendered":"Bak\u0131n\u0131n yeni Ba\u015f Plan\u0131n\u0131n b\u0259zi detallar\u0131 a\u00e7\u0131qlan\u0131b"},"content":{"rendered":"<p><strong>&ldquo;Bak\u0131 \u015f\u0259h\u0259rinin inki\u015faf\u0131 sistemli \u015f\u0259kild\u0259 h\u0259yata ke&ccedil;irilm\u0259lidir&rdquo;.<\/strong><\/p>\n<p>Bunu Bak\u0131da ke&ccedil;iril\u0259n &quot;Kreativ Az\u0259rbaycan&rdquo; portal\u0131n\u0131n t\u0259qdimat\u0131nda v\u0259 &ldquo;Yarad\u0131c\u0131 v\u0259 m\u0259d\u0259niyy\u0259t s\u0259nayel\u0259ri: dayan\u0131ql\u0131 inki\u015faf v\u0259 m\u0259\u015f\u011fulluq &uuml;&ccedil;&uuml;n yeni imkanlar&rdquo; m&ouml;vzusunda panel m&uuml;zakir\u0259l\u0259rd\u0259&nbsp;D&ouml;vl\u0259t \u015e\u0259h\u0259rsalma v\u0259 Arxitektura Komit\u0259si&nbsp;s\u0259drinin m&uuml;avini&nbsp;Anar Quliyev&nbsp;deyib.<\/p>\n<p>Onun s&ouml;zl\u0259rin\u0259 g&ouml;r\u0259, bu m\u0259s\u0259l\u0259 paytaxt\u0131n yeni haz\u0131rlanan Ba\u015f Plan\u0131nda &ouml;z \u0259ksini tap\u0131b: &ldquo;H\u0259min s\u0259n\u0259dd\u0259 &ccedil;oxm\u0259rk\u0259zli yana\u015fma t\u0259klif olunur, h\u0259m&ccedil;inin \u0259traf m&uuml;hitin m&uuml;hafiz\u0259si, strateji layih\u0259l\u0259rl\u0259 ba\u011fl\u0131 m\u0259s\u0259l\u0259l\u0259r var. Bel\u0259 ki, yarad\u0131c\u0131 klasterl\u0259rin formala\u015fd\u0131r\u0131lmas\u0131 &ouml;z \u0259ksini tap\u0131b&rdquo;. \/report<\/p>\n","protected":false},"excerpt":{"rendered":"<p>&ldquo;Bak\u0131 \u015f\u0259h\u0259rinin inki\u015faf\u0131 sistemli \u015f\u0259kild\u0259 h\u0259yata ke&ccedil;irilm\u0259lidir&rdquo;. Bunu Bak\u0131da ke&ccedil;iril\u0259n &quot;Kreativ Az\u0259rbaycan&rdquo; portal\u0131n\u0131n t\u0259qdimat\u0131nda v\u0259 &ldquo;Yarad\u0131c\u0131 v\u0259 m\u0259d\u0259niyy\u0259t s\u0259nayel\u0259ri: dayan\u0131ql\u0131 inki\u015faf v\u0259 m\u0259\u015f\u011fulluq &uuml;&ccedil;&uuml;n yeni imkanlar&rdquo; m&ouml;vzusunda panel m&uuml;zakir\u0259l\u0259rd\u0259&nbsp;D&ouml;vl\u0259t \u015e\u0259h\u0259rsalma&hellip;<\/p>\n","protected":false},"author":1,"featured_media":251278,"comment_status":"open","ping_status":"open","sticky":false,"template":"","format":"standard","meta":{"_lmt_disableupdate":"","_lmt_disable":"","footnotes":""},"categories":[],"tags":[],"class_list":["post-89621","post","type-post","status-publish","format-standard","has-post-thumbnail","hentry"],"_links":{"self":[{"href":"https:\/\/ucnoqta.az\/index.php?rest_route=\/wp\/v2\/posts\/89621","targetHints":{"allow":["GET"]}}],"collection":[{"href":"https:\/\/ucnoqta.az\/index.php?rest_route=\/wp\/v2\/posts"}],"about":[{"href":"https:\/\/ucnoqta.az\/index.php?rest_route=\/wp\/v2\/types\/post"}],"author":[{"embeddable":true,"href":"https:\/\/ucnoqta.az\/index.php?rest_route=\/wp\/v2\/users\/1"}],"replies":[{"embeddable":true,"href":"https:\/\/ucnoqta.az\/index.php?rest_route=%2Fwp%2Fv2%2Fcomments&post=89621"}],"version-history":[{"count":0,"href":"https:\/\/ucnoqta.az\/index.php?rest_route=\/wp\/v2\/posts\/89621\/revisions"}],"wp:featuredmedia":[{"embeddable":true,"href":"https:\/\/ucnoqta.az\/index.php?rest_route=\/wp\/v2\/media\/251278"}],"wp:attachment":[{"href":"https:\/\/ucnoqta.az\/index.php?rest_route=%2Fwp%2Fv2%2Fmedia&parent=89621"}],"wp:term":[{"taxonomy":"category","embeddable":true,"href":"https:\/\/ucnoqta.az\/index.php?rest_route=%2Fwp%2Fv2%2Fcategories&post=89621"},{"taxonomy":"post_tag","embeddable":true,"href":"https:\/\/ucnoqta.az\/index.php?rest_route=%2Fwp%2Fv2%2Ftags&post=89621"}],"curies":[{"name":"wp","href":"https:\/\/api.w.org\/{rel}","templated":true}]}}