{"id":89617,"date":"2019-12-09T15:30:32","date_gmt":"2019-12-09T11:30:32","guid":{"rendered":""},"modified":"-0001-11-30T00:00:00","modified_gmt":"-0001-11-29T20:00:00","slug":"","status":"publish","type":"post","link":"https:\/\/ucnoqta.az\/?p=89617","title":{"rendered":"Prezident \u0130lham \u018fliyev Rusiyan\u0131n \u0130qtisadi \u0130nki\u015faf nazirini q\u0259bul edib <font color=red><b>-Foto- (Yenil\u0259nib)<\/b><\/font>"},"content":{"rendered":"<p>Az\u0259rbaycan Respublikas\u0131n\u0131n Prezidenti \u0130lham \u018fliyev dekabr\u0131n 9-da Rusiya Federasiyas\u0131n\u0131n \u0130qtisadi \u0130nki\u015faf naziri, Rusiya-Az\u0259rbaycan H&ouml;kum\u0259tl\u0259raras\u0131 \u0130qtisadi Komissiyas\u0131n\u0131n h\u0259ms\u0259dri Maksim Ore\u015fkinin ba\u015f&ccedil;\u0131l\u0131q etdiyi n&uuml;may\u0259nd\u0259 hey\u0259tini q\u0259bul edib.<\/p>\n<p>Bu bar\u0259d\u0259 Prezidentin M\u0259tbuat xidm\u0259tind\u0259n&nbsp;m\u0259lumat verilib.<\/p>\n<p>Bu il Rusiya v\u0259 Az\u0259rbaycan aras\u0131nda b&uuml;t&uuml;n istiqam\u0259tl\u0259r &uuml;zr\u0259 ikit\u0259r\u0259fli m&uuml;nasib\u0259tl\u0259rin inki\u015faf\u0131 &uuml;&ccedil;&uuml;n &ccedil;ox u\u011furlu olub.<\/p>\n<p>Trend-in m\u0259lumat\u0131na g&ouml;r\u0259, bunu Az\u0259rbaycan Respublikas\u0131n\u0131n Prezidenti \u0130lham \u018fliyev dekabr\u0131n 9-da Rusiya Federasiyas\u0131n\u0131n \u0130qtisadi \u0130nki\u015faf naziri, Rusiya-Az\u0259rbaycan H&ouml;kum\u0259tl\u0259raras\u0131 \u0130qtisadi Komissiyas\u0131n\u0131n h\u0259ms\u0259dri Maksim Ore\u015fkinin ba\u015f&ccedil;\u0131l\u0131q etdiyi n&uuml;may\u0259nd\u0259 hey\u0259tini q\u0259bul ed\u0259rk\u0259n deyib.<\/p>\n<p>D&ouml;vl\u0259t ba\u015f&ccedil;\u0131s\u0131 bildirib: &quot;Az\u0259rbaycana xo\u015f g\u0259lmisiniz. Sizi yenid\u0259n g&ouml;rm\u0259yim\u0259 \u015fadam. \u0130l ba\u015fa &ccedil;at\u0131r. Art\u0131q indid\u0259n dem\u0259k olar ki, bu il b&uuml;t&uuml;n istiqam\u0259tl\u0259r &uuml;zr\u0259 ikit\u0259r\u0259fli m&uuml;nasib\u0259tl\u0259rimizin inki\u015faf\u0131 &uuml;&ccedil;&uuml;n &ccedil;ox u\u011furlu olub. Y&uuml;ks\u0259k s\u0259viyy\u0259d\u0259, prezidentl\u0259r aras\u0131nda &ccedil;ox m&uuml;h&uuml;m g&ouml;r&uuml;\u015fl\u0259r olub. Beyn\u0259lxalq t\u0259dbirl\u0259r &ccedil;\u0259r&ccedil;iv\u0259sind\u0259 ke&ccedil;iril\u0259n g&ouml;r&uuml;\u015fl\u0259rd\u0259n \u0259lav\u0259, prezidentl\u0259r aras\u0131nda iki g&ouml;r&uuml;\u015f olub. Sizin d\u0259 i\u015ftirak etdiyiniz h\u0259min g&ouml;r&uuml;\u015fl\u0259rd\u0259 b&uuml;t&uuml;n istiqam\u0259tl\u0259r &uuml;zr\u0259 qar\u015f\u0131l\u0131ql\u0131 f\u0259aliyy\u0259timizin \u0259sas, o c&uuml;ml\u0259d\u0259n iqtisadi-ticari \u0259laq\u0259l\u0259rin inki\u015faf\u0131 prinsipl\u0259ri t\u0259sdiq edilib. Prezidentl\u0259r &ldquo;yol x\u0259rit\u0259l\u0259ri&rdquo;nin implementasiyas\u0131 &uuml;zr\u0259 i\u015fi f\u0259alla\u015fd\u0131rmaq bar\u0259d\u0259 tap\u015f\u0131r\u0131q veribl\u0259r. \u015eadam ki, bu proses &ccedil;ox u\u011furla gedir&quot;.<\/p>\n<p>Prezident \u0130lham \u018fliyev qeyd edib ki, Mehriban \u018fliyevan\u0131n Moskvaya s\u0259f\u0259ri &ccedil;\u0259r&ccedil;iv\u0259sind\u0259 d\u0259 &ldquo;yol x\u0259rit\u0259l\u0259ri&rdquo; siyah\u0131s\u0131n\u0131n geni\u015fl\u0259ndirilm\u0259si raz\u0131la\u015fd\u0131r\u0131l\u0131b ki, onlar yeni sah\u0259l\u0259ri \u0259hat\u0259 etsin. &ldquo;Yol x\u0259rit\u0259l\u0259ri&rdquo;nin realla\u015fmas\u0131n\u0131n yax\u015f\u0131 n\u0259tic\u0259l\u0259r verdiyini n\u0259z\u0259r\u0259 alsaq, bu, &ccedil;ox vacibdir. Ona g&ouml;r\u0259 d\u0259 bu siyah\u0131ya yeni istiqam\u0259tl\u0259rin \u0259lav\u0259 edilm\u0259si, \u0259lb\u0259tt\u0259 ki, bizim \u0259m\u0259kda\u015fl\u0131\u011f\u0131m\u0131z\u0131n m\u0259ntiqi davam\u0131d\u0131r:<\/p>\n<p>&quot;Biz ili yax\u015f\u0131 n\u0259tic\u0259l\u0259rl\u0259 ba\u015fa vururuq, \u0259mt\u0259\u0259 d&ouml;vriyy\u0259si art\u0131r. Bu, sevindirici hald\u0131r, &ccedil;&uuml;nki \u0259mt\u0259\u0259 d&ouml;vriyy\u0259si ilb\u0259il art\u0131r. M&ouml;vcud potensial\u0131n art\u0131r\u0131lmas\u0131 ilk bax\u0131\u015fda &ccedil;\u0259tindir, &ccedil;&uuml;nki baza art\u0131r. Bununla b\u0259rab\u0259r, biz f\u0259al qar\u015f\u0131l\u0131ql\u0131 \u0259laq\u0259l\u0259rin n\u0259tic\u0259l\u0259rini g&ouml;r&uuml;r&uuml;k. Bu n\u0259tic\u0259l\u0259r h\u0259m \u0259mt\u0259\u0259 d&ouml;vriyy\u0259sinin, h\u0259m d\u0259 investisiyalar\u0131n artmas\u0131nda \u0259ksini tap\u0131r. Bu m\u0259s\u0259l\u0259 yax\u0131n vaxtlarda Mehriban \u018fliyevan\u0131n s\u0259f\u0259ri &ccedil;\u0259r&ccedil;iv\u0259sind\u0259 d\u0259 m&uuml;zakir\u0259 edilib v\u0259 vur\u011fulan\u0131b ki, h\u0259m Rusiyadan Az\u0259rbaycana, h\u0259m d\u0259 Az\u0259rbaycandan Rusiyaya &ccedil;oxmilyardl\u0131q investisiyalar, ilk n&ouml;vb\u0259d\u0259, bizim bir-birimiz\u0259 etimad\u0131m\u0131z\u0131n, h\u0259m&ccedil;inin Rusiyada da, Az\u0259rbaycanda da yax\u015f\u0131la\u015fmaqda olan \u0259lveri\u015fli investisiya m&uuml;hitinin g&ouml;st\u0259ricisidir. Biz bunu D&uuml;nya Bank\u0131n\u0131n &ldquo;Doing Business&rdquo; reytinqind\u0259 d\u0259, Davos Forumunun r\u0259qab\u0259tqabiliyy\u0259tlilik reytinqind\u0259 d\u0259 g&ouml;r&uuml;r&uuml;k. Bu reytinql\u0259rd\u0259 h\u0259m Az\u0259rbaycan, h\u0259m d\u0259 Rusiya &ouml;z m&ouml;vqel\u0259rini yax\u015f\u0131la\u015fd\u0131r\u0131r. Bu, obyektiv reall\u0131qd\u0131r. Bu fakt onu g&ouml;st\u0259rir ki, &ouml;lk\u0259mizd\u0259 h\u0259yata ke&ccedil;iril\u0259n islahatlar konkret n\u0259tic\u0259l\u0259r verir&quot;.<\/p>\n<p>Az\u0259rbaycan Prezidenti vur\u011fulay\u0131b ki, bu g&uuml;n Az\u0259rbaycanda &ccedil;ox m&uuml;h&uuml;m investisiya layih\u0259sinin &#8211; \u0259cza&ccedil;\u0131l\u0131q m&uuml;\u0259ssis\u0259sinin a&ccedil;\u0131l\u0131\u015f\u0131 olacaq:<\/p>\n<p>&quot;Bu istiqam\u0259td\u0259 Az\u0259rbaycan bazar\u0131n\u0131n geni\u015fl\u0259nm\u0259sini, \u0259halinin v\u0259 istehlak\u0131n da artmas\u0131n\u0131 n\u0259z\u0259r\u0259 alsaq, bu, &ccedil;ox sevindirici hald\u0131r. \u018flb\u0259tt\u0259 ki, biz bazar\u0131 &ouml;z&uuml;m&uuml;z&uuml;n istehsal etdiyimiz m\u0259hsullarla z\u0259nginl\u0259\u015fdirm\u0259kd\u0259 maraql\u0131y\u0131q. \u0130ndiki halda Rusiya \u015firk\u0259tinin Az\u0259rbaycanda istehsal\u0131 ba\u015fqa istiqam\u0259tl\u0259rd\u0259, ma\u015f\u0131nqay\u0131rma, energetika v\u0259 n\u0259qliyyatda oldu\u011fu kimi, bizim m&uuml;nasib\u0259tl\u0259rimizin yax\u015f\u0131 g&ouml;st\u0259ricisidir. Samur &ccedil;ay\u0131 &uuml;z\u0259rind\u0259n k&ouml;rp&uuml;n&uuml;n tikintisi praktiki olaraq ba\u015fa &ccedil;atd\u0131r\u0131l\u0131b. Bu da onun n\u0259tic\u0259sidir ki, y&uuml;ks\u0259k s\u0259viyy\u0259d\u0259 q\u0259bul edil\u0259n b&uuml;t&uuml;n q\u0259rarlar yerin\u0259 yetirilir. Z\u0259nnimc\u0259, bu, bizim m&uuml;nasib\u0259tl\u0259rimizin \u0259sas nailiyy\u0259tl\u0259rind\u0259n biridir. Biz qar\u015f\u0131ya konkret m\u0259s\u0259l\u0259l\u0259r qoyur, onlar\u0131 konkret h\u0259ll edir v\u0259 yax\u015f\u0131 n\u0259tic\u0259l\u0259r g&ouml;r&uuml;r&uuml;k.<\/p>\n<p>\u018flb\u0259tt\u0259, Xalq T\u0259s\u0259rr&uuml;fat\u0131 Nailiyy\u0259tl\u0259ri S\u0259rgisind\u0259 &ldquo;Az\u0259rbaycan&rdquo; pavilyonunun ilkin g&ouml;rk\u0259md\u0259 b\u0259rpa olunmas\u0131n\u0131 m\u0259mnuniyy\u0259tl\u0259 qeyd etm\u0259liy\u0259m. M\u0259n bu pavilyonun a&ccedil;\u0131l\u0131\u015f\u0131na televizorla baxm\u0131\u015fam, sonra is\u0259 bizim telekanallarda &ccedil;oxlu reportajlar g&ouml;st\u0259rilib. Bu, \u0259lb\u0259tt\u0259, bizim m&uuml;nasib\u0259tl\u0259rimiz &uuml;&ccedil;&uuml;n &ccedil;ox b&ouml;y&uuml;k \u0259h\u0259miyy\u0259t k\u0259sb ed\u0259n olduqca \u0259lam\u0259tdar hadis\u0259 v\u0259 bizim ortaq tariximiz\u0259 h&ouml;rm\u0259t \u0259lam\u0259tidir. D&uuml;\u015f&uuml;n&uuml;r\u0259m ki, bu pavilyon Az\u0259rbaycan mallar\u0131n\u0131 Rusiya bazarlar\u0131nda &ccedil;ox f\u0259al t\u0259bli\u011f ed\u0259c\u0259k&quot;.<\/p>\n<p>D&ouml;vl\u0259t ba\u015f&ccedil;\u0131s\u0131n\u0131n s&ouml;zl\u0259rin\u0259 g&ouml;r\u0259, ikit\u0259r\u0259fli \u0259m\u0259kda\u015fl\u0131\u011f\u0131\u0131n b&uuml;t&uuml;n istiqam\u0259tl\u0259ri &uuml;zr\u0259 m&uuml;sb\u0259t n\u0259tic\u0259l\u0259r g&ouml;z qaba\u011f\u0131ndad\u0131r: &quot;Art\u0131q yekun vurmaq olar. \u018fmin\u0259m ki, n&ouml;vb\u0259ti il d\u0259 &ccedil;ox u\u011furlu olacaq, ona g&ouml;r\u0259 ki, m&uuml;nasib\u0259tl\u0259rimizi m&ouml;hk\u0259ml\u0259tm\u0259k &uuml;&ccedil;&uuml;n &ccedil;ox ciddi niyy\u0259tl\u0259rimiz var. Bu g&uuml;n H&ouml;kum\u0259tl\u0259raras\u0131 Komissiyan\u0131n iclas\u0131 da ke&ccedil;iril\u0259c\u0259k. \u018fmin\u0259m ki, geni\u015f spektrli m\u0259s\u0259l\u0259l\u0259r m&uuml;zakir\u0259 olunacaq, realla\u015fd\u0131r\u0131lmaq &uuml;&ccedil;&uuml;n konkret tap\u015f\u0131r\u0131qlar veril\u0259c\u0259k. Buna g&ouml;r\u0259 inan\u0131ram ki, s\u0259f\u0259riniz &ccedil;ox s\u0259m\u0259r\u0259li olacaq v\u0259 Bak\u0131da vaxt\u0131n\u0131z\u0131n xo\u015f ke&ccedil;m\u0259sini arzu edir\u0259m&quot;.<\/p>\n<p>Rusiya Federasiyas\u0131n\u0131n \u0130qtisadi \u0130nki\u015faf naziri, Rusiya-Az\u0259rbaycan H&ouml;kum\u0259tl\u0259raras\u0131 \u0130qtisadi Komissiyas\u0131n\u0131n h\u0259ms\u0259dri Maksim Ore\u015fkin Rusiya Prezidenti Vladimir Putinin salamlar\u0131n\u0131 d&ouml;vl\u0259timizin ba\u015f&ccedil;\u0131s\u0131na &ccedil;atd\u0131rd\u0131.<\/p>\n<p>Prezident \u0130lham \u018fliyev Rusiya Federasiyas\u0131n\u0131n Prezidenti Vladimir Putinin salamlar\u0131na g&ouml;r\u0259 minn\u0259tdarl\u0131\u011f\u0131n\u0131 bildirdi, onun da salamlar\u0131n\u0131 Rusiya d&ouml;vl\u0259tinin ba\u015f&ccedil;\u0131s\u0131na &ccedil;atd\u0131rma\u011f\u0131 xahi\u015f etdi.<\/p>\n","protected":false},"excerpt":{"rendered":"<p>Az\u0259rbaycan Respublikas\u0131n\u0131n Prezidenti \u0130lham \u018fliyev dekabr\u0131n 9-da Rusiya Federasiyas\u0131n\u0131n \u0130qtisadi \u0130nki\u015faf naziri, Rusiya-Az\u0259rbaycan H&ouml;kum\u0259tl\u0259raras\u0131 \u0130qtisadi Komissiyas\u0131n\u0131n h\u0259ms\u0259dri Maksim Ore\u015fkinin ba\u015f&ccedil;\u0131l\u0131q etdiyi n&uuml;may\u0259nd\u0259 hey\u0259tini q\u0259bul edib. Bu bar\u0259d\u0259 Prezidentin M\u0259tbuat xidm\u0259tind\u0259n&nbsp;m\u0259lumat&hellip;<\/p>\n","protected":false},"author":1,"featured_media":251278,"comment_status":"open","ping_status":"open","sticky":false,"template":"","format":"standard","meta":{"_lmt_disableupdate":"","_lmt_disable":"","footnotes":""},"categories":[],"tags":[],"class_list":["post-89617","post","type-post","status-publish","format-standard","has-post-thumbnail","hentry"],"_links":{"self":[{"href":"https:\/\/ucnoqta.az\/index.php?rest_route=\/wp\/v2\/posts\/89617","targetHints":{"allow":["GET"]}}],"collection":[{"href":"https:\/\/ucnoqta.az\/index.php?rest_route=\/wp\/v2\/posts"}],"about":[{"href":"https:\/\/ucnoqta.az\/index.php?rest_route=\/wp\/v2\/types\/post"}],"author":[{"embeddable":true,"href":"https:\/\/ucnoqta.az\/index.php?rest_route=\/wp\/v2\/users\/1"}],"replies":[{"embeddable":true,"href":"https:\/\/ucnoqta.az\/index.php?rest_route=%2Fwp%2Fv2%2Fcomments&post=89617"}],"version-history":[{"count":0,"href":"https:\/\/ucnoqta.az\/index.php?rest_route=\/wp\/v2\/posts\/89617\/revisions"}],"wp:featuredmedia":[{"embeddable":true,"href":"https:\/\/ucnoqta.az\/index.php?rest_route=\/wp\/v2\/media\/251278"}],"wp:attachment":[{"href":"https:\/\/ucnoqta.az\/index.php?rest_route=%2Fwp%2Fv2%2Fmedia&parent=89617"}],"wp:term":[{"taxonomy":"category","embeddable":true,"href":"https:\/\/ucnoqta.az\/index.php?rest_route=%2Fwp%2Fv2%2Fcategories&post=89617"},{"taxonomy":"post_tag","embeddable":true,"href":"https:\/\/ucnoqta.az\/index.php?rest_route=%2Fwp%2Fv2%2Ftags&post=89617"}],"curies":[{"name":"wp","href":"https:\/\/api.w.org\/{rel}","templated":true}]}}