{"id":89612,"date":"2019-12-09T11:14:23","date_gmt":"2019-12-09T07:14:23","guid":{"rendered":""},"modified":"-0001-11-30T00:00:00","modified_gmt":"-0001-11-29T20:00:00","slug":"","status":"publish","type":"post","link":"https:\/\/ucnoqta.az\/?p=89612","title":{"rendered":"X\u0259z\u0259rin statusuna dair n\u00f6vb\u0259ti iclas\u0131n yeri d\u0259yi\u015fdirilib"},"content":{"rendered":"<p><strong>X\u0259z\u0259rin statusuna dair n&ouml;vb\u0259ti iclas Rusiyada ke&ccedil;iril\u0259c\u0259k.<\/strong><\/p>\n<p>Bu bar\u0259d\u0259 Az\u0259rbaycan Xarici \u0130\u015fl\u0259r nazirinin m&uuml;avini X\u0259l\u0259f X\u0259l\u0259fov deyib. Onun s&ouml;zl\u0259rin\u0259 g&ouml;r\u0259, haz\u0131rda Rusiya t\u0259r\u0259fi s&ouml;z&uuml;ged\u0259n g&ouml;r&uuml;\u015f&uuml;n t\u0259\u015fkili il\u0259 ba\u011fl\u0131 m&uuml;\u0259yy\u0259n i\u015fl\u0259r g&ouml;r&uuml;r.<\/p>\n<p>&quot;G&ouml;r&uuml;\u015f&uuml;n ke&ccedil;iril\u0259c\u0259yi tarix h\u0259l\u0259 m&uuml;\u0259yy\u0259nl\u0259\u015fm\u0259yib. Tarix t\u0259r\u0259fl\u0259r aras\u0131nda raz\u0131la\u015fd\u0131r\u0131landan sonra g&ouml;r&uuml;\u015f ba\u015f tutacaq. Bu, davaml\u0131 prosesdir. Bildiyiniz kimi, Konvensiya q\u0259bul olunandan sonra 5 d&ouml;vl\u0259tin Xarici \u0130\u015fl\u0259r nazirlikl\u0259rinin himay\u0259si alt\u0131nda daim f\u0259aliyy\u0259t g&ouml;st\u0259r\u0259n y&uuml;ks\u0259k s\u0259viyy\u0259li i\u015f&ccedil;i qrup mexanizm yarad\u0131b. Qrup iclaslar\u0131n ke&ccedil;irilm\u0259sini m&uuml;xt\u0259lif paytaxtlarda davam etdirir. N&ouml;vb\u0259ti g&ouml;r&uuml;\u015f \u0130randa ke&ccedil;irilm\u0259li idi, sad\u0259c\u0259, \u0130ran texniki bax\u0131mdan bu i\u015fi h\u0259yata ke&ccedil;irm\u0259y\u0259 haz\u0131r olmad\u0131\u011f\u0131na g&ouml;r\u0259 biz g&ouml;r&uuml;\u015f&uuml;n Rusiyada ke&ccedil;irilm\u0259sin\u0259 dair raz\u0131l\u0131\u011fa g\u0259lmi\u015fik&quot;, &#8211; dey\u0259 X. X\u0259l\u0259fov qeyd edib.\/apa<\/p>\n","protected":false},"excerpt":{"rendered":"<p>X\u0259z\u0259rin statusuna dair n&ouml;vb\u0259ti iclas Rusiyada ke&ccedil;iril\u0259c\u0259k. Bu bar\u0259d\u0259 Az\u0259rbaycan Xarici \u0130\u015fl\u0259r nazirinin m&uuml;avini X\u0259l\u0259f X\u0259l\u0259fov deyib. Onun s&ouml;zl\u0259rin\u0259 g&ouml;r\u0259, haz\u0131rda Rusiya t\u0259r\u0259fi s&ouml;z&uuml;ged\u0259n g&ouml;r&uuml;\u015f&uuml;n t\u0259\u015fkili il\u0259 ba\u011fl\u0131 m&uuml;\u0259yy\u0259n i\u015fl\u0259r&hellip;<\/p>\n","protected":false},"author":1,"featured_media":251278,"comment_status":"open","ping_status":"open","sticky":false,"template":"","format":"standard","meta":{"_lmt_disableupdate":"","_lmt_disable":"","footnotes":""},"categories":[],"tags":[],"class_list":["post-89612","post","type-post","status-publish","format-standard","has-post-thumbnail","hentry"],"_links":{"self":[{"href":"https:\/\/ucnoqta.az\/index.php?rest_route=\/wp\/v2\/posts\/89612","targetHints":{"allow":["GET"]}}],"collection":[{"href":"https:\/\/ucnoqta.az\/index.php?rest_route=\/wp\/v2\/posts"}],"about":[{"href":"https:\/\/ucnoqta.az\/index.php?rest_route=\/wp\/v2\/types\/post"}],"author":[{"embeddable":true,"href":"https:\/\/ucnoqta.az\/index.php?rest_route=\/wp\/v2\/users\/1"}],"replies":[{"embeddable":true,"href":"https:\/\/ucnoqta.az\/index.php?rest_route=%2Fwp%2Fv2%2Fcomments&post=89612"}],"version-history":[{"count":0,"href":"https:\/\/ucnoqta.az\/index.php?rest_route=\/wp\/v2\/posts\/89612\/revisions"}],"wp:featuredmedia":[{"embeddable":true,"href":"https:\/\/ucnoqta.az\/index.php?rest_route=\/wp\/v2\/media\/251278"}],"wp:attachment":[{"href":"https:\/\/ucnoqta.az\/index.php?rest_route=%2Fwp%2Fv2%2Fmedia&parent=89612"}],"wp:term":[{"taxonomy":"category","embeddable":true,"href":"https:\/\/ucnoqta.az\/index.php?rest_route=%2Fwp%2Fv2%2Fcategories&post=89612"},{"taxonomy":"post_tag","embeddable":true,"href":"https:\/\/ucnoqta.az\/index.php?rest_route=%2Fwp%2Fv2%2Ftags&post=89612"}],"curies":[{"name":"wp","href":"https:\/\/api.w.org\/{rel}","templated":true}]}}