{"id":89597,"date":"2019-12-09T08:46:25","date_gmt":"2019-12-09T04:46:25","guid":{"rendered":""},"modified":"-0001-11-30T00:00:00","modified_gmt":"-0001-11-29T20:00:00","slug":"","status":"publish","type":"post","link":"https:\/\/ucnoqta.az\/?p=89597","title":{"rendered":"Diplomatik <font color=red><b>QALMAQAL: <\/b><\/font> s\u0259fir kitab o\u011furlad\u0131 v\u0259 geri \u00e7a\u011f\u0131r\u0131ld\u0131"},"content":{"rendered":"<p>Meksikan\u0131n Argentinadak\u0131 s\u0259firi Oskar Rikardo Valero Buenos-Ayresd\u0259 ma\u011fazadan kitab o\u011furlu\u011funda ittihamlarla \u0259laq\u0259dar \u00f6lk\u0259sin\u0259 \u00e7a\u011f\u0131r\u0131l\u0131b.<\/p>\n<p>\u00a0<\/p>\n<p>Bu bar\u0259d\u0259 Meksikan\u0131n Xarici \u0130\u015fl\u0259r Nazirliyinin ba\u015f\u00e7\u0131s\u0131 Marselo Ebrard \u00f6z\u00fcn\u00fcn \u201cTwitter\u201d s\u0259hif\u0259sind\u0259 yaz\u0131b.<\/p>\n<p>\u00a0<\/p>\n<p>&#8220;M\u0259n Etika komit\u0259sin\u0259 m\u0259\u015fhur ma\u011fazadan kitab o\u011furlu\u011funda ittiham edil\u0259n Argentinadak\u0131 s\u0259firl\u0259 ba\u011fl\u0131 hadis\u0259ni t\u0259hlil etm\u0259yi xahi\u015f etdim. H\u0259l\u0259lik m\u0259n ona ev\u0259 qay\u0131tmaq bar\u0259d\u0259 g\u00f6st\u0259ri\u015f vermi\u015f\u0259m&#8221;, &#8211; dey\u0259 nazir yaz\u0131b.<\/p>\n<p>\u00a0<\/p>\n<p>\u201cAteneo\u201d ma\u011fazas\u0131n\u0131n m\u00fc\u015fahid\u0259 kameralar\u0131\u00a076 ya\u015fl\u0131 diplomat\u0131n Cakomo Kazanova haqq\u0131nda\u00a0kitab\u0131\u00a0q\u0259zet\u0259 b\u00fck\u0259r\u0259k o\u011furlama\u011fa \u00e7al\u0131\u015fmas\u0131n\u0131 qeyd\u0259 al\u0131blar. O, m\u00fchafiz\u0259\u00e7il\u0259r t\u0259r\u0259find\u0259n yaxalan\u0131b v\u0259 polis\u0259 apar\u0131l\u0131b.<\/p>\n<p>&#8220;\u018fg\u0259r videonun h\u0259qiq\u0259t\u0259 uy\u011funlu\u011fu t\u0259sdiq edils\u0259, o, d\u0259rhal v\u0259zif\u0259d\u0259n k\u0259narla\u015fd\u0131r\u0131lacaq&#8221;, &#8211; Ebrard qeyd edib.<\/p>\n<p>\u00a0<\/p>\n<p>Valero cari ilin avqustunda Argentinada s\u0259fir kimi f\u0259aliyy\u0259t\u0259 ba\u015flay\u0131b. Onun d\u00fckandan \u00e7\u0131xarmaq ist\u0259diyi kitab\u0131n qiym\u0259ti 750 pesodur (20 manat).\u00a0\u00a0<\/p>\n","protected":false},"excerpt":{"rendered":"<p>Meksikan\u0131n Argentinadak\u0131 s\u0259firi Oskar Rikardo Valero Buenos-Ayresd\u0259 ma\u011fazadan kitab o\u011furlu\u011funda ittihamlarla \u0259laq\u0259dar \u00f6lk\u0259sin\u0259 \u00e7a\u011f\u0131r\u0131l\u0131b. \u00a0 Bu bar\u0259d\u0259 Meksikan\u0131n Xarici \u0130\u015fl\u0259r Nazirliyinin ba\u015f\u00e7\u0131s\u0131 Marselo Ebrard \u00f6z\u00fcn\u00fcn \u201cTwitter\u201d s\u0259hif\u0259sind\u0259 yaz\u0131b. \u00a0 &#8220;M\u0259n&hellip;<\/p>\n","protected":false},"author":1,"featured_media":251278,"comment_status":"open","ping_status":"open","sticky":false,"template":"","format":"standard","meta":{"_lmt_disableupdate":"","_lmt_disable":"","footnotes":""},"categories":[],"tags":[],"class_list":["post-89597","post","type-post","status-publish","format-standard","has-post-thumbnail","hentry"],"_links":{"self":[{"href":"https:\/\/ucnoqta.az\/index.php?rest_route=\/wp\/v2\/posts\/89597","targetHints":{"allow":["GET"]}}],"collection":[{"href":"https:\/\/ucnoqta.az\/index.php?rest_route=\/wp\/v2\/posts"}],"about":[{"href":"https:\/\/ucnoqta.az\/index.php?rest_route=\/wp\/v2\/types\/post"}],"author":[{"embeddable":true,"href":"https:\/\/ucnoqta.az\/index.php?rest_route=\/wp\/v2\/users\/1"}],"replies":[{"embeddable":true,"href":"https:\/\/ucnoqta.az\/index.php?rest_route=%2Fwp%2Fv2%2Fcomments&post=89597"}],"version-history":[{"count":0,"href":"https:\/\/ucnoqta.az\/index.php?rest_route=\/wp\/v2\/posts\/89597\/revisions"}],"wp:featuredmedia":[{"embeddable":true,"href":"https:\/\/ucnoqta.az\/index.php?rest_route=\/wp\/v2\/media\/251278"}],"wp:attachment":[{"href":"https:\/\/ucnoqta.az\/index.php?rest_route=%2Fwp%2Fv2%2Fmedia&parent=89597"}],"wp:term":[{"taxonomy":"category","embeddable":true,"href":"https:\/\/ucnoqta.az\/index.php?rest_route=%2Fwp%2Fv2%2Fcategories&post=89597"},{"taxonomy":"post_tag","embeddable":true,"href":"https:\/\/ucnoqta.az\/index.php?rest_route=%2Fwp%2Fv2%2Ftags&post=89597"}],"curies":[{"name":"wp","href":"https:\/\/api.w.org\/{rel}","templated":true}]}}