{"id":89586,"date":"2019-12-08T15:24:03","date_gmt":"2019-12-08T11:24:03","guid":{"rendered":""},"modified":"-0001-11-30T00:00:00","modified_gmt":"-0001-11-29T20:00:00","slug":"","status":"publish","type":"post","link":"https:\/\/ucnoqta.az\/?p=89586","title":{"rendered":"\u0130smay\u0131ll\u0131da ma\u015f\u0131n a\u015f\u0131b-  <font color=red><b>\u00f6l\u0259n v\u0259 x\u0259sar\u0259t alanlar var<\/b><\/font>"},"content":{"rendered":"<p><strong>\u0130smay\u0131ll\u0131 rayonunda &ouml;l&uuml;ml\u0259 v\u0259 x\u0259sar\u0259tl\u0259 n\u0259tic\u0259l\u0259n\u0259n a\u011f\u0131r yol q\u0259zas\u0131 ba\u015f verib.<\/strong><\/p>\n<p>Ucnoqta.az &ldquo;Report&rdquo;a istinad\u0259n&nbsp;x\u0259b\u0259r verir ki, hadis\u0259 Mu\u011fanl\u0131-\u0130smay\u0131ll\u0131 avtomobil yolunda qeyd\u0259 al\u0131n\u0131b. Bel\u0259 ki, h\u0259r\u0259k\u0259td\u0259 olan minik avtomobili yoldan &ccedil;\u0131xaraq a\u015f\u0131b. Q\u0259za n\u0259tic\u0259sind\u0259&nbsp;1&nbsp;n\u0259f\u0259r &#8211; 1991-ci il t\u0259v\u0259ll&uuml;dl&uuml; Diyal\u0131 k\u0259nd sakini Ab\u0131\u015fov Ramil \u018fli o\u011flu ald\u0131\u011f\u0131 x\u0259sar\u0259tl\u0259rd\u0259n hadis\u0259 yerind\u0259 &ouml;l&uuml;b. Hadis\u0259 zaman\u0131 h\u0259m&ccedil;inin daha&nbsp;3&nbsp;n\u0259f\u0259r &#8211; 1978-ci il t\u0259v\u0259ll&uuml;dl&uuml; \u0130smay\u0131ll\u0131 rayon sakini S&uuml;leymanov Ramil M\u0259h\u0259m\u0259da\u011fa o\u011flu, 1982-ci il t\u0259v\u0259ll&uuml;dl&uuml; \u0130smay\u0131ll\u0131 rayon sakini S&uuml;leymanov Mehman Eyvaz o\u011flu v\u0259 1981-ci il t\u0259v\u0259ll&uuml;dl&uuml; \u0130smay\u0131ll\u0131 rayon sakini \u0130smay\u0131lov \u0130lkin \u0130kram o\u011flu x\u0259sar\u0259t al\u0131blar. Yaral\u0131lar \u0130smay\u0131ll\u0131 Rayon M\u0259rk\u0259zi X\u0259st\u0259xanas\u0131na yerl\u0259\u015fdirilibl\u0259r.<\/p>\n<p>Faktla ba\u011fl\u0131 ara\u015fd\u0131rma apar\u0131l\u0131r.&nbsp;<\/p>\n","protected":false},"excerpt":{"rendered":"<p>\u0130smay\u0131ll\u0131 rayonunda &ouml;l&uuml;ml\u0259 v\u0259 x\u0259sar\u0259tl\u0259 n\u0259tic\u0259l\u0259n\u0259n a\u011f\u0131r yol q\u0259zas\u0131 ba\u015f verib. Ucnoqta.az &ldquo;Report&rdquo;a istinad\u0259n&nbsp;x\u0259b\u0259r verir ki, hadis\u0259 Mu\u011fanl\u0131-\u0130smay\u0131ll\u0131 avtomobil yolunda qeyd\u0259 al\u0131n\u0131b. Bel\u0259 ki, h\u0259r\u0259k\u0259td\u0259 olan minik avtomobili yoldan &ccedil;\u0131xaraq&hellip;<\/p>\n","protected":false},"author":1,"featured_media":251278,"comment_status":"open","ping_status":"open","sticky":false,"template":"","format":"standard","meta":{"_lmt_disableupdate":"","_lmt_disable":"","footnotes":""},"categories":[],"tags":[],"class_list":["post-89586","post","type-post","status-publish","format-standard","has-post-thumbnail","hentry"],"_links":{"self":[{"href":"https:\/\/ucnoqta.az\/index.php?rest_route=\/wp\/v2\/posts\/89586","targetHints":{"allow":["GET"]}}],"collection":[{"href":"https:\/\/ucnoqta.az\/index.php?rest_route=\/wp\/v2\/posts"}],"about":[{"href":"https:\/\/ucnoqta.az\/index.php?rest_route=\/wp\/v2\/types\/post"}],"author":[{"embeddable":true,"href":"https:\/\/ucnoqta.az\/index.php?rest_route=\/wp\/v2\/users\/1"}],"replies":[{"embeddable":true,"href":"https:\/\/ucnoqta.az\/index.php?rest_route=%2Fwp%2Fv2%2Fcomments&post=89586"}],"version-history":[{"count":0,"href":"https:\/\/ucnoqta.az\/index.php?rest_route=\/wp\/v2\/posts\/89586\/revisions"}],"wp:featuredmedia":[{"embeddable":true,"href":"https:\/\/ucnoqta.az\/index.php?rest_route=\/wp\/v2\/media\/251278"}],"wp:attachment":[{"href":"https:\/\/ucnoqta.az\/index.php?rest_route=%2Fwp%2Fv2%2Fmedia&parent=89586"}],"wp:term":[{"taxonomy":"category","embeddable":true,"href":"https:\/\/ucnoqta.az\/index.php?rest_route=%2Fwp%2Fv2%2Fcategories&post=89586"},{"taxonomy":"post_tag","embeddable":true,"href":"https:\/\/ucnoqta.az\/index.php?rest_route=%2Fwp%2Fv2%2Ftags&post=89586"}],"curies":[{"name":"wp","href":"https:\/\/api.w.org\/{rel}","templated":true}]}}