{"id":89584,"date":"2019-12-08T14:46:18","date_gmt":"2019-12-08T10:46:18","guid":{"rendered":""},"modified":"-0001-11-30T00:00:00","modified_gmt":"-0001-11-29T20:00:00","slug":"","status":"publish","type":"post","link":"https:\/\/ucnoqta.az\/?p=89584","title":{"rendered":"Az\u0259rbaycan X\u0130N Ukrayna xalq\u0131na ba\u015fsa\u011fl\u0131\u011f\u0131 verib"},"content":{"rendered":"<p><strong>Az\u0259rbaycan\u0131n&nbsp;Xarici \u0130\u015fl\u0259r Nazirliyi&nbsp;(X\u0130N) Ukraynan\u0131n Odessa \u015f\u0259h\u0259rind\u0259ki kollecd\u0259 ba\u015f ver\u0259n g&uuml;cl&uuml; yan\u011f\u0131n zaman\u0131 h\u0259yat\u0131n\u0131 itir\u0259nl\u0259rin ail\u0259l\u0259rin\u0259 ba\u015fsa\u011fl\u0131\u011f\u0131 verib.<\/strong><\/p>\n<p>&ldquo;Report&rdquo;un m\u0259lumat\u0131na g&ouml;r\u0259, bu bar\u0259d\u0259 X\u0130N-in&nbsp;&ldquo;Twitter&rdquo;&nbsp;s\u0259hif\u0259sind\u0259 bildirilir. &ldquo;Dekabr\u0131n 5-d\u0259 Odessa \u015f\u0259h\u0259r kollecind\u0259 ba\u015f ver\u0259n yan\u011f\u0131nla \u0259laq\u0259dar Ukraynada milli mat\u0259m g&uuml;n&uuml; elan olunub. Biz yan\u011f\u0131nda h\u0259yat\u0131n\u0131 itir\u0259nl\u0259rin ail\u0259l\u0259rin\u0259 v\u0259 Ukrayna xalq\u0131na d\u0259rin h&uuml;znl\u0259 ba\u015fsa\u011fl\u0131\u011f\u0131 verir, yaralananlar\u0131n tezlikl\u0259 sa\u011falmas\u0131n\u0131 dil\u0259yirik&rdquo;, &#8211; dey\u0259 ba\u015fsa\u011fl\u0131\u011f\u0131nda qeyd edilir.<\/p>\n<p>Qeyd ed\u0259k ki,&nbsp;Odessa \u015f\u0259h\u0259rind\u0259 kollec binas\u0131nda ba\u015f ver\u0259n yan\u011f\u0131n zaman\u0131&nbsp;10&nbsp;n\u0259f\u0259r&nbsp;&ouml;l&uuml;b.&nbsp;Hadis\u0259 zaman\u0131 &uuml;mumilikd\u0259&nbsp;30&nbsp;n\u0259f\u0259r x\u0259sar\u0259t al\u0131b. Onlardan&nbsp;10-u x\u0259st\u0259xanadad\u0131r.<\/p>\n","protected":false},"excerpt":{"rendered":"<p>Az\u0259rbaycan\u0131n&nbsp;Xarici \u0130\u015fl\u0259r Nazirliyi&nbsp;(X\u0130N) Ukraynan\u0131n Odessa \u015f\u0259h\u0259rind\u0259ki kollecd\u0259 ba\u015f ver\u0259n g&uuml;cl&uuml; yan\u011f\u0131n zaman\u0131 h\u0259yat\u0131n\u0131 itir\u0259nl\u0259rin ail\u0259l\u0259rin\u0259 ba\u015fsa\u011fl\u0131\u011f\u0131 verib. &ldquo;Report&rdquo;un m\u0259lumat\u0131na g&ouml;r\u0259, bu bar\u0259d\u0259 X\u0130N-in&nbsp;&ldquo;Twitter&rdquo;&nbsp;s\u0259hif\u0259sind\u0259 bildirilir. &ldquo;Dekabr\u0131n 5-d\u0259 Odessa \u015f\u0259h\u0259r kollecind\u0259 ba\u015f&hellip;<\/p>\n","protected":false},"author":1,"featured_media":251278,"comment_status":"open","ping_status":"open","sticky":false,"template":"","format":"standard","meta":{"_lmt_disableupdate":"","_lmt_disable":"","footnotes":""},"categories":[],"tags":[],"class_list":["post-89584","post","type-post","status-publish","format-standard","has-post-thumbnail","hentry"],"_links":{"self":[{"href":"https:\/\/ucnoqta.az\/index.php?rest_route=\/wp\/v2\/posts\/89584","targetHints":{"allow":["GET"]}}],"collection":[{"href":"https:\/\/ucnoqta.az\/index.php?rest_route=\/wp\/v2\/posts"}],"about":[{"href":"https:\/\/ucnoqta.az\/index.php?rest_route=\/wp\/v2\/types\/post"}],"author":[{"embeddable":true,"href":"https:\/\/ucnoqta.az\/index.php?rest_route=\/wp\/v2\/users\/1"}],"replies":[{"embeddable":true,"href":"https:\/\/ucnoqta.az\/index.php?rest_route=%2Fwp%2Fv2%2Fcomments&post=89584"}],"version-history":[{"count":0,"href":"https:\/\/ucnoqta.az\/index.php?rest_route=\/wp\/v2\/posts\/89584\/revisions"}],"wp:featuredmedia":[{"embeddable":true,"href":"https:\/\/ucnoqta.az\/index.php?rest_route=\/wp\/v2\/media\/251278"}],"wp:attachment":[{"href":"https:\/\/ucnoqta.az\/index.php?rest_route=%2Fwp%2Fv2%2Fmedia&parent=89584"}],"wp:term":[{"taxonomy":"category","embeddable":true,"href":"https:\/\/ucnoqta.az\/index.php?rest_route=%2Fwp%2Fv2%2Fcategories&post=89584"},{"taxonomy":"post_tag","embeddable":true,"href":"https:\/\/ucnoqta.az\/index.php?rest_route=%2Fwp%2Fv2%2Ftags&post=89584"}],"curies":[{"name":"wp","href":"https:\/\/api.w.org\/{rel}","templated":true}]}}