{"id":89578,"date":"2019-12-08T12:48:08","date_gmt":"2019-12-08T08:48:08","guid":{"rendered":""},"modified":"-0001-11-30T00:00:00","modified_gmt":"-0001-11-29T20:00:00","slug":"","status":"publish","type":"post","link":"https:\/\/ucnoqta.az\/?p=89578","title":{"rendered":"C\u0259lilabadda icra n\u00fcmay\u0259nd\u0259si yol q\u0259zas\u0131 t\u00f6r\u0259tdi &#8211; <font color=red><b>H\u0259yat yolda\u015f\u0131 \u00f6ld\u00fc<\/b><\/font>"},"content":{"rendered":"<p><strong>C\u0259lilabad rayonunda a\u011f\u0131r yol q\u0259zas\u0131 ba\u015f verib.<\/strong><\/p>\n<p>M\u0259lumata g&ouml;r\u0259, hadis\u0259 C\u0259lilabad-Bayxanl\u0131 yolunda qeyd\u0259 al\u0131n\u0131b.<\/p>\n<p>Rayonun Adnal\u0131 k\u0259nd sakini&nbsp;\u015eir\u0259liyev M\u0259mm\u0259dba\u011f\u0131r M\u0259h\u0259mm\u0259dh&uuml;seyn o\u011flunun idar\u0259 etdiyi &quot;Niva&quot; markal\u0131 avtomobil idar\u0259etm\u0259d\u0259n &ccedil;\u0131xaraq yolun k\u0259nar\u0131na a\u015f\u0131b.<\/p>\n<p>Q\u0259za n\u0259tic\u0259sind\u0259 s&uuml;r&uuml;c&uuml; v\u0259 onun h\u0259yat yolda\u015f\u0131, 1975-ci il t\u0259v\u0259ll&uuml;dl&uuml;&nbsp;Xuraman \u015eir\u0259liyeva&nbsp;m&uuml;xt\u0259lif b\u0259d\u0259n x\u0259sar\u0259tl\u0259ri al\u0131b. Yaral\u0131lar x\u0259st\u0259xanaya &ccedil;atd\u0131r\u0131l\u0131b. X.\u015eir\u0259liyeva ald\u0131\u011f\u0131 x\u0259sar\u0259tl\u0259rd\u0259n&nbsp;x\u0259st\u0259xanada d&uuml;nyas\u0131n\u0131 d\u0259yi\u015fib.<\/p>\n<p>M\u0259lumata g&ouml;r\u0259, s&uuml;r&uuml;c&uuml; M.\u015eir\u0259liyev C\u0259lilabad rayonu Adnal\u0131 k\u0259ndinin icra n&uuml;may\u0259nd\u0259si v\u0259zif\u0259sind\u0259 &ccedil;al\u0131\u015f\u0131r.<\/p>\n<p>Faktla ba\u011fl\u0131 ara\u015fd\u0131rma apar\u0131l\u0131r.\/report<\/p>\n<p>&nbsp;<\/p>\n","protected":false},"excerpt":{"rendered":"<p>C\u0259lilabad rayonunda a\u011f\u0131r yol q\u0259zas\u0131 ba\u015f verib. M\u0259lumata g&ouml;r\u0259, hadis\u0259 C\u0259lilabad-Bayxanl\u0131 yolunda qeyd\u0259 al\u0131n\u0131b. Rayonun Adnal\u0131 k\u0259nd sakini&nbsp;\u015eir\u0259liyev M\u0259mm\u0259dba\u011f\u0131r M\u0259h\u0259mm\u0259dh&uuml;seyn o\u011flunun idar\u0259 etdiyi &quot;Niva&quot; markal\u0131 avtomobil idar\u0259etm\u0259d\u0259n &ccedil;\u0131xaraq yolun k\u0259nar\u0131na&hellip;<\/p>\n","protected":false},"author":1,"featured_media":251278,"comment_status":"open","ping_status":"open","sticky":false,"template":"","format":"standard","meta":{"_lmt_disableupdate":"","_lmt_disable":"","footnotes":""},"categories":[],"tags":[],"class_list":["post-89578","post","type-post","status-publish","format-standard","has-post-thumbnail","hentry"],"_links":{"self":[{"href":"https:\/\/ucnoqta.az\/index.php?rest_route=\/wp\/v2\/posts\/89578","targetHints":{"allow":["GET"]}}],"collection":[{"href":"https:\/\/ucnoqta.az\/index.php?rest_route=\/wp\/v2\/posts"}],"about":[{"href":"https:\/\/ucnoqta.az\/index.php?rest_route=\/wp\/v2\/types\/post"}],"author":[{"embeddable":true,"href":"https:\/\/ucnoqta.az\/index.php?rest_route=\/wp\/v2\/users\/1"}],"replies":[{"embeddable":true,"href":"https:\/\/ucnoqta.az\/index.php?rest_route=%2Fwp%2Fv2%2Fcomments&post=89578"}],"version-history":[{"count":0,"href":"https:\/\/ucnoqta.az\/index.php?rest_route=\/wp\/v2\/posts\/89578\/revisions"}],"wp:featuredmedia":[{"embeddable":true,"href":"https:\/\/ucnoqta.az\/index.php?rest_route=\/wp\/v2\/media\/251278"}],"wp:attachment":[{"href":"https:\/\/ucnoqta.az\/index.php?rest_route=%2Fwp%2Fv2%2Fmedia&parent=89578"}],"wp:term":[{"taxonomy":"category","embeddable":true,"href":"https:\/\/ucnoqta.az\/index.php?rest_route=%2Fwp%2Fv2%2Fcategories&post=89578"},{"taxonomy":"post_tag","embeddable":true,"href":"https:\/\/ucnoqta.az\/index.php?rest_route=%2Fwp%2Fv2%2Ftags&post=89578"}],"curies":[{"name":"wp","href":"https:\/\/api.w.org\/{rel}","templated":true}]}}