{"id":89576,"date":"2019-12-08T11:48:08","date_gmt":"2019-12-08T07:48:08","guid":{"rendered":""},"modified":"-0001-11-30T00:00:00","modified_gmt":"-0001-11-29T20:00:00","slug":"","status":"publish","type":"post","link":"https:\/\/ucnoqta.az\/?p=89576","title":{"rendered":"\u0130smay\u0131ll\u0131da d\u0259h\u015f\u0259tli q\u0259zada \u00f6l\u0259n v\u0259 yaralananlar\u0131n kimliyi m\u0259lum oldu"},"content":{"rendered":"<p><strong>\u0130smay\u0131ll\u0131da&nbsp;d\u0259h\u015f\u0259tli yol q\u0259zas\u0131nda&nbsp;&ouml;l\u0259n v\u0259 yaralananlar\u0131n kimliyi m\u0259lum olub.&nbsp;<\/strong><\/p>\n<p>Ucnoqta.az &quot;Qafqazinfo&quot;-ya istinad\u0259n x\u0259b\u0259r verir ki, gec\u0259 saatlar\u0131nda Mu\u011fanl\u0131-\u0130smay\u0131ll\u0131 avtomobil yolununda ba\u015f ver\u0259n yol q\u0259zas\u0131nda \u0130smay\u0131ll\u0131n\u0131n Diyall\u0131 k\u0259nd sakini 1995-c\u0131 il t\u0259v\u0259ll&uuml;dl&uuml; Ab\u0131\u015fov Ramal \u018fliyusif o\u011flu hadis\u0259 yerind\u0259 &ouml;l&uuml;b. Q\u0259za n\u0259tic\u0259sind\u0259 \u0130smay\u0131ll\u0131 rayon sakinl\u0259ri &#8211; 1977-ci il t\u0259v\u0259ll&uuml;dl&uuml; S&uuml;leymanov Ramil M\u0259h\u0259mm\u0259da\u011fa o\u011flu, 1982-ci il t\u0259v\u0259ll&uuml;dl&uuml; S&uuml;leymanov Mehman Eyvaz o\u011flu, 1982-ci il t\u0259v\u0259ll&uuml;dl&uuml; \u0130smay\u0131lov \u0130lkin \u0130kram o\u011flu m&uuml;xt\u0259lif n&ouml;v b\u0259d\u0259n x\u0259sar\u0259tl\u0259ri alaraq, \u0130smay\u0131ll\u0131 Rayon M\u0259rk\u0259zi X\u0259st\u0259xanas\u0131na yerl\u0259\u015fdirilibl\u0259r.<\/p>\n<p>Hadis\u0259 bar\u0259d\u0259 e\u015fid\u0259n yaral\u0131lardan birinin qohumu 1965-c\u0131 il t\u0259v\u0259ll&uuml;dl&uuml; Na\u011f\u0131yev R\u0259hman Surxay o\u011flu hadis\u0259 zaman\u0131 o\u011flunun &ouml;ld&uuml;y&uuml;n&uuml; z\u0259nn edib. &Uuml;r\u0259k x\u0259st\u0259si olan R. Na\u011f\u0131yevin s\u0259hh\u0259ti pisl\u0259\u015fib v\u0259 q\u0259fild\u0259n &ouml;l&uuml;b<\/p>\n<p>Faktla ba\u011fl\u0131 ara\u015fd\u0131rma apar\u0131l\u0131r.&nbsp;<\/p>\n","protected":false},"excerpt":{"rendered":"<p>\u0130smay\u0131ll\u0131da&nbsp;d\u0259h\u015f\u0259tli yol q\u0259zas\u0131nda&nbsp;&ouml;l\u0259n v\u0259 yaralananlar\u0131n kimliyi m\u0259lum olub.&nbsp; Ucnoqta.az &quot;Qafqazinfo&quot;-ya istinad\u0259n x\u0259b\u0259r verir ki, gec\u0259 saatlar\u0131nda Mu\u011fanl\u0131-\u0130smay\u0131ll\u0131 avtomobil yolununda ba\u015f ver\u0259n yol q\u0259zas\u0131nda \u0130smay\u0131ll\u0131n\u0131n Diyall\u0131 k\u0259nd sakini 1995-c\u0131 il t\u0259v\u0259ll&uuml;dl&uuml;&hellip;<\/p>\n","protected":false},"author":1,"featured_media":251278,"comment_status":"open","ping_status":"open","sticky":false,"template":"","format":"standard","meta":{"_lmt_disableupdate":"","_lmt_disable":"","footnotes":""},"categories":[],"tags":[],"class_list":["post-89576","post","type-post","status-publish","format-standard","has-post-thumbnail","hentry"],"_links":{"self":[{"href":"https:\/\/ucnoqta.az\/index.php?rest_route=\/wp\/v2\/posts\/89576","targetHints":{"allow":["GET"]}}],"collection":[{"href":"https:\/\/ucnoqta.az\/index.php?rest_route=\/wp\/v2\/posts"}],"about":[{"href":"https:\/\/ucnoqta.az\/index.php?rest_route=\/wp\/v2\/types\/post"}],"author":[{"embeddable":true,"href":"https:\/\/ucnoqta.az\/index.php?rest_route=\/wp\/v2\/users\/1"}],"replies":[{"embeddable":true,"href":"https:\/\/ucnoqta.az\/index.php?rest_route=%2Fwp%2Fv2%2Fcomments&post=89576"}],"version-history":[{"count":0,"href":"https:\/\/ucnoqta.az\/index.php?rest_route=\/wp\/v2\/posts\/89576\/revisions"}],"wp:featuredmedia":[{"embeddable":true,"href":"https:\/\/ucnoqta.az\/index.php?rest_route=\/wp\/v2\/media\/251278"}],"wp:attachment":[{"href":"https:\/\/ucnoqta.az\/index.php?rest_route=%2Fwp%2Fv2%2Fmedia&parent=89576"}],"wp:term":[{"taxonomy":"category","embeddable":true,"href":"https:\/\/ucnoqta.az\/index.php?rest_route=%2Fwp%2Fv2%2Fcategories&post=89576"},{"taxonomy":"post_tag","embeddable":true,"href":"https:\/\/ucnoqta.az\/index.php?rest_route=%2Fwp%2Fv2%2Ftags&post=89576"}],"curies":[{"name":"wp","href":"https:\/\/api.w.org\/{rel}","templated":true}]}}