{"id":89563,"date":"2019-12-07T18:24:54","date_gmt":"2019-12-07T14:24:54","guid":{"rendered":""},"modified":"-0001-11-30T00:00:00","modified_gmt":"-0001-11-29T20:00:00","slug":"","status":"publish","type":"post","link":"https:\/\/ucnoqta.az\/?p=89563","title":{"rendered":"Putinl\u0259 Luka\u015fenkonun dan\u0131\u015f\u0131qlar\u0131 zaman\u0131 i\u015f\u0131q s\u00f6n\u00fcb"},"content":{"rendered":"<p><strong>Belarus Prezidenti Aleksandr Luka\u015fenko v\u0259 Rusiya Prezidenti Vladimir Putun aras\u0131nda ke&ccedil;iril\u0259n g&ouml;r&uuml;\u015f zaman\u0131 i\u015f\u0131q q\u0259fild\u0259n s&ouml;n&uuml;b.<\/strong><\/p>\n<p>APA-n\u0131n R\u0130A &ldquo;Novosti&rdquo; agentliyin\u0259 istinad\u0259n verdiyi m\u0259lumat\u0131na g&ouml;r\u0259, elektrik enerjisinin k\u0259silm\u0259si iki liderin giri\u015f nitqi bit\u0259n ana t\u0259sad&uuml;f edib. &quot;Elektrik bitdi&rdquo;, &#8211; dey\u0259 V. Putin zarafat edib.<\/p>\n<p>Luka\u015fenko is\u0259 zarafatla &ldquo;Bunun ham\u0131s\u0131 Dima Peskovun (Rusiya liderinin m\u0259tbuat katibi) i\u015fidir, m\u0259n bilir\u0259m&rdquo;, &#8211; s&ouml;yl\u0259yib.&nbsp;<br \/>\nN&uuml;may\u0259nd\u0259 hey\u0259tl\u0259ri g&uuml;l&uuml;\u015f&uuml;b v\u0259 dan\u0131\u015f\u0131qlar\u0131 davam etdirib.<\/p>\n<p>Qeyd ed\u0259k ki, Rusiya v\u0259 Belarus prezidentl\u0259ri iki &ouml;lk\u0259 aras\u0131nda \u0130ttifaq D&ouml;vl\u0259tinin yaranmas\u0131n\u0131n 20 illiyi \u0259r\u0259f\u0259sind\u0259 So&ccedil;id\u0259 g&ouml;r&uuml;\u015f&uuml;rl\u0259r.<\/p>\n","protected":false},"excerpt":{"rendered":"<p>Belarus Prezidenti Aleksandr Luka\u015fenko v\u0259 Rusiya Prezidenti Vladimir Putun aras\u0131nda ke&ccedil;iril\u0259n g&ouml;r&uuml;\u015f zaman\u0131 i\u015f\u0131q q\u0259fild\u0259n s&ouml;n&uuml;b. APA-n\u0131n R\u0130A &ldquo;Novosti&rdquo; agentliyin\u0259 istinad\u0259n verdiyi m\u0259lumat\u0131na g&ouml;r\u0259, elektrik enerjisinin k\u0259silm\u0259si iki liderin giri\u015f&hellip;<\/p>\n","protected":false},"author":1,"featured_media":251278,"comment_status":"open","ping_status":"open","sticky":false,"template":"","format":"standard","meta":{"_lmt_disableupdate":"","_lmt_disable":"","footnotes":""},"categories":[89],"tags":[],"class_list":["post-89563","post","type-post","status-publish","format-standard","has-post-thumbnail","hentry","category-dunya-butun-xeberler"],"_links":{"self":[{"href":"https:\/\/ucnoqta.az\/index.php?rest_route=\/wp\/v2\/posts\/89563","targetHints":{"allow":["GET"]}}],"collection":[{"href":"https:\/\/ucnoqta.az\/index.php?rest_route=\/wp\/v2\/posts"}],"about":[{"href":"https:\/\/ucnoqta.az\/index.php?rest_route=\/wp\/v2\/types\/post"}],"author":[{"embeddable":true,"href":"https:\/\/ucnoqta.az\/index.php?rest_route=\/wp\/v2\/users\/1"}],"replies":[{"embeddable":true,"href":"https:\/\/ucnoqta.az\/index.php?rest_route=%2Fwp%2Fv2%2Fcomments&post=89563"}],"version-history":[{"count":0,"href":"https:\/\/ucnoqta.az\/index.php?rest_route=\/wp\/v2\/posts\/89563\/revisions"}],"wp:featuredmedia":[{"embeddable":true,"href":"https:\/\/ucnoqta.az\/index.php?rest_route=\/wp\/v2\/media\/251278"}],"wp:attachment":[{"href":"https:\/\/ucnoqta.az\/index.php?rest_route=%2Fwp%2Fv2%2Fmedia&parent=89563"}],"wp:term":[{"taxonomy":"category","embeddable":true,"href":"https:\/\/ucnoqta.az\/index.php?rest_route=%2Fwp%2Fv2%2Fcategories&post=89563"},{"taxonomy":"post_tag","embeddable":true,"href":"https:\/\/ucnoqta.az\/index.php?rest_route=%2Fwp%2Fv2%2Ftags&post=89563"}],"curies":[{"name":"wp","href":"https:\/\/api.w.org\/{rel}","templated":true}]}}