{"id":89557,"date":"2019-12-07T17:24:07","date_gmt":"2019-12-07T13:24:07","guid":{"rendered":""},"modified":"-0001-11-30T00:00:00","modified_gmt":"-0001-11-29T20:00:00","slug":"","status":"publish","type":"post","link":"https:\/\/ucnoqta.az\/?p=89557","title":{"rendered":"Nazirl\u0259r Kabineti \u201cHakiml\u0259r\u0259 m\u0259zuniyy\u0259t haqq\u0131n\u0131n hesablanmas\u0131 Qaydas\u0131\u201dn\u0131 t\u0259sdiql\u0259yib"},"content":{"rendered":"<p><strong>Nazirl\u0259r Kabineti &ldquo;Hakiml\u0259r\u0259 m\u0259zuniyy\u0259t haqq\u0131n\u0131n hesablanmas\u0131 Qaydas\u0131&rdquo;n\u0131 t\u0259sdiql\u0259yib.<\/strong><\/p>\n<p>Bununla ba\u011fl\u0131 q\u0259rar\u0131 Ba\u015f Nazir&nbsp;\u018fli \u018fs\u0259dov&nbsp;imzalay\u0131b.<\/p>\n<p>Yeni qaydalar&nbsp;&ldquo;M\u0259hk\u0259m\u0259l\u0259r v\u0259 hakiml\u0259r haqq\u0131nda&rdquo; qanunun 107-ci madd\u0259sinin birinci hiss\u0259sinin ikinci c&uuml;ml\u0259sin\u0259 uy\u011fun olaraq haz\u0131rlan\u0131b v\u0259&nbsp;hakiml\u0259r\u0259 m\u0259zuniyy\u0259t haqq\u0131n\u0131n hesablanmas\u0131 qaydas\u0131n\u0131 m&uuml;\u0259yy\u0259n edir v\u0259 m\u0259zuniyy\u0259t haqq\u0131n\u0131n &ouml;d\u0259nilm\u0259si &uuml;&ccedil;&uuml;n \u0259m\u0259k haqq\u0131n\u0131n hesablanmas\u0131 qaydas\u0131 hakim\u0259 istifad\u0259 edilm\u0259y\u0259n m\u0259zuniyy\u0259t\u0259 g&ouml;r\u0259 kompensasiya &ouml;d\u0259nil\u0259rk\u0259n d\u0259 t\u0259tbiq edilir.<\/p>\n<p>Q\u0259rarda qeyd olunub ki, m\u0259zuniyy\u0259t vaxt\u0131 &uuml;&ccedil;&uuml;n &ouml;d\u0259nil\u0259n orta \u0259m\u0259k haqq\u0131 onun hans\u0131 i\u015f ili &uuml;&ccedil;&uuml;n verilm\u0259sind\u0259n as\u0131l\u0131 olmayaraq, m\u0259zuniyy\u0259tin verildiyi aydan \u0259vv\u0259lki 12 t\u0259qvim ay\u0131n\u0131n orta \u0259m\u0259k haqq\u0131na \u0259sas\u0259n m&uuml;\u0259yy\u0259n edilir.&nbsp;12 t\u0259qvim ay\u0131ndan az i\u015fl\u0259yib m\u0259zuniyy\u0259t\u0259 &ccedil;\u0131xan hakimin orta ayl\u0131q \u0259m\u0259k haqq\u0131 onun faktiki i\u015fl\u0259diyi tam t\u0259qvim aylar\u0131na \u0259sas\u0259n hesablan\u0131r.<\/p>\n<p>M\u0259zuniyy\u0259t g&uuml;nl\u0259rinin \u0259m\u0259k haqq\u0131n\u0131n m&uuml;\u0259yy\u0259n edilm\u0259si &uuml;&ccedil;&uuml;n m\u0259zuniyy\u0259td\u0259n \u0259vv\u0259lki 12 t\u0259qvim ay\u0131n\u0131n \u0259m\u0259k haqq\u0131n\u0131n c\u0259ml\u0259nmi\u015f m\u0259bl\u0259\u011fi 12-y\u0259 b&ouml;l&uuml;nm\u0259kl\u0259 orta ayl\u0131q \u0259m\u0259k haqq\u0131n\u0131n m\u0259bl\u0259\u011fi tap\u0131l\u0131r v\u0259 al\u0131nan m\u0259bl\u0259\u011f ay\u0131n t\u0259qvim g&uuml;nl\u0259rinin orta illik miqdar\u0131na &#8211; 30,4-\u0259 b&ouml;l&uuml;nm\u0259si yolu il\u0259 bir g&uuml;nl&uuml;k \u0259m\u0259k haqq\u0131n\u0131n m\u0259bl\u0259\u011fi m&uuml;\u0259yy\u0259n edilir. Bu qayda il\u0259 m&uuml;\u0259yy\u0259n edilmi\u015f bir g&uuml;nl&uuml;k \u0259m\u0259k haqq\u0131n\u0131n m\u0259bl\u0259\u011fi m\u0259zuniyy\u0259tin m&uuml;dd\u0259tinin t\u0259qvim g&uuml;nl\u0259rinin say\u0131na vurulur.<\/p>\n<p>Hakim\u0259 m\u0259zuniyy\u0259t vaxt\u0131 &uuml;&ccedil;&uuml;n orta \u0259m\u0259k haqq\u0131 m\u0259zuniyy\u0259tin ba\u015flanmas\u0131na \u0259n geci 3 (&uuml;&ccedil;) g&uuml;n qalm\u0131\u015f &ouml;d\u0259nilir.<\/p>\n<p>Q\u0259rara \u0259sa\u0259sn, m\u0259zuniyy\u0259t vaxt\u0131 &uuml;&ccedil;&uuml;n orta \u0259m\u0259k haqq\u0131n\u0131n hesablanmas\u0131 zaman\u0131 a\u015fa\u011f\u0131dak\u0131 &ouml;d\u0259ni\u015fl\u0259r n\u0259z\u0259r\u0259 al\u0131n\u0131r:<\/p>\n<p>&#8211; faktiki i\u015fl\u0259nmi\u015f vaxt &uuml;zr\u0259 v\u0259zif\u0259 maa\u015f\u0131;<br \/>\n&#8211; v\u0259zif\u0259 maa\u015f\u0131na &ouml;d\u0259nil\u0259n bir ayl\u0131q v\u0259zif\u0259 maa\u015f\u0131 h\u0259cmind\u0259 \u0259lav\u0259;<br \/>\n&#8211; hakimlik staj\u0131na v\u0259 prokurorluq orqanlar\u0131ndak\u0131 xidm\u0259t ill\u0259rin\u0259 g&ouml;r\u0259 \u0259lav\u0259;<br \/>\n&#8211; Az\u0259rbaycan Respublikas\u0131&nbsp;Ali M\u0259hk\u0259m\u0259sinin hakiml\u0259rin\u0259 &ouml;d\u0259nil\u0259n y&uuml;ks\u0259k h&uuml;quqi ixtisasa g&ouml;r\u0259 v\u0259zif\u0259 maa\u015f\u0131na \u0259lav\u0259;<br \/>\n&#8211; elmi d\u0259r\u0259c\u0259y\u0259 g&ouml;r\u0259 v\u0259zif\u0259 maa\u015f\u0131na \u0259lav\u0259;<br \/>\n&#8211; f\u0259xri ada g&ouml;r\u0259 ayl\u0131q t\u0259qa&uuml;d;<br \/>\n&#8211; s\u0259lahiyy\u0259tl\u0259rin yerin\u0259 yetirilm\u0259si il\u0259 ba\u011fl\u0131 x\u0259rcl\u0259rin &ouml;d\u0259nilm\u0259si &uuml;&ccedil;&uuml;n hakiml\u0259r\u0259 &ouml;d\u0259nil\u0259n ayl\u0131q pul t\u0259minat\u0131;<br \/>\n&#8211; m&uuml;v\u0259qq\u0259ti \u0259v\u0259zetm\u0259y\u0259 g&ouml;r\u0259 &ouml;d\u0259m\u0259;<br \/>\n&#8211; nqanunvericilikd\u0259 hakiml\u0259rin i\u015f yerl\u0259rinin v\u0259 \u0259m\u0259k haqq\u0131n\u0131n saxlan\u0131ld\u0131\u011f\u0131 hallarda &ouml;d\u0259m\u0259l\u0259r;<br \/>\n&#8211; m\u0259cburi i\u015fburaxma d&ouml;vr&uuml;n&uuml;n &ouml;d\u0259nilm\u0259si;<br \/>\n&#8211; \u0259m\u0259k qabiliyy\u0259tini m&uuml;v\u0259qq\u0259ti itirm\u0259y\u0259, hamil\u0259liy\u0259 v\u0259 do\u011fuma g&ouml;r\u0259 m&uuml;avin\u0259tl\u0259r;<br \/>\n&#8211; d\u0259niz s\u0259viyy\u0259sind\u0259n 1200 metrd\u0259n y&uuml;ks\u0259klik yerl\u0259rd\u0259 \u0259msallar &uuml;zr\u0259 \u0259lav\u0259 &ouml;d\u0259ni\u015fl\u0259r.<\/p>\n<p>&#8211; M\u0259zuniyy\u0259t vaxt\u0131 &uuml;&ccedil;&uuml;n orta \u0259m\u0259k haqq\u0131n\u0131n hesablanmas\u0131 zaman\u0131 a\u015fa\u011f\u0131dak\u0131 &ouml;d\u0259ni\u015fl\u0259r n\u0259z\u0259r\u0259 al\u0131nm\u0131r:<br \/>\n&#8211; bird\u0259f\u0259lik xarakter da\u015f\u0131yan m&uuml;kafatlar\u0131n b&uuml;t&uuml;n n&ouml;vl\u0259ri, yubiley v\u0259 bayram g&uuml;nl\u0259ri, anadan olan g&uuml;nl\u0259rl\u0259 ba\u011fl\u0131 v\u0259 dig\u0259r analoji hallarda veril\u0259n h\u0259v\u0259sl\u0259ndirici &ouml;d\u0259ni\u015fl\u0259r;<br \/>\n&#8211; ilk d\u0259f\u0259 hakim v\u0259zif\u0259sin\u0259 t\u0259yin olunan \u015f\u0259xsl\u0259r\u0259 hakimlik f\u0259aliyy\u0259tinin birinci ilind\u0259 v\u0259 sonrak\u0131 4 (d&ouml;rd) il \u0259rzind\u0259 ild\u0259 bir d\u0259f\u0259 &ouml;d\u0259nil\u0259n bird\u0259f\u0259lik yard\u0131m;<br \/>\n&#8211; m&uuml;alic\u0259 olunmas\u0131 &uuml;&ccedil;&uuml;n veril\u0259n iki ayl\u0131q \u0259m\u0259k haqq\u0131 m\u0259bl\u0259\u011find\u0259 pul t\u0259minat\u0131;<br \/>\n&#8211; m\u0259zuniyy\u0259t\u0259 &ccedil;\u0131xd\u0131qda veril\u0259n iki ayl\u0131q \u0259m\u0259k haqq\u0131 m\u0259bl\u0259\u011find\u0259 m&uuml;avin\u0259t;<br \/>\n&#8211; zamiyy\u0259 x\u0259rcl\u0259ri;<br \/>\n&#8211; birinci instansiya m\u0259hk\u0259m\u0259l\u0259rinin hakiml\u0259rin\u0259 veril\u0259n d\u0259ft\u0259rxana l\u0259vazimatlar\u0131n\u0131n d\u0259y\u0259ri;<br \/>\n&#8211; sanatoriya-kurort m&uuml;alic\u0259sin\u0259 v\u0259 istirah\u0259t evl\u0259rin\u0259 yollay\u0131\u015flar\u0131n d\u0259y\u0259ri;<br \/>\n&#8211; istifad\u0259 edilm\u0259mi\u015f \u0259m\u0259k m\u0259zuniyy\u0259tl\u0259rin\u0259 g&ouml;r\u0259 &ouml;d\u0259nil\u0259n kompensasiya.\/report<\/p>\n<p>&nbsp;<\/p>\n","protected":false},"excerpt":{"rendered":"<p>Nazirl\u0259r Kabineti &ldquo;Hakiml\u0259r\u0259 m\u0259zuniyy\u0259t haqq\u0131n\u0131n hesablanmas\u0131 Qaydas\u0131&rdquo;n\u0131 t\u0259sdiql\u0259yib. Bununla ba\u011fl\u0131 q\u0259rar\u0131 Ba\u015f Nazir&nbsp;\u018fli \u018fs\u0259dov&nbsp;imzalay\u0131b. Yeni qaydalar&nbsp;&ldquo;M\u0259hk\u0259m\u0259l\u0259r v\u0259 hakiml\u0259r haqq\u0131nda&rdquo; qanunun 107-ci madd\u0259sinin birinci hiss\u0259sinin ikinci c&uuml;ml\u0259sin\u0259 uy\u011fun olaraq haz\u0131rlan\u0131b v\u0259&nbsp;hakiml\u0259r\u0259&hellip;<\/p>\n","protected":false},"author":1,"featured_media":251278,"comment_status":"open","ping_status":"open","sticky":false,"template":"","format":"standard","meta":{"_lmt_disableupdate":"","_lmt_disable":"","footnotes":""},"categories":[],"tags":[],"class_list":["post-89557","post","type-post","status-publish","format-standard","has-post-thumbnail","hentry"],"_links":{"self":[{"href":"https:\/\/ucnoqta.az\/index.php?rest_route=\/wp\/v2\/posts\/89557","targetHints":{"allow":["GET"]}}],"collection":[{"href":"https:\/\/ucnoqta.az\/index.php?rest_route=\/wp\/v2\/posts"}],"about":[{"href":"https:\/\/ucnoqta.az\/index.php?rest_route=\/wp\/v2\/types\/post"}],"author":[{"embeddable":true,"href":"https:\/\/ucnoqta.az\/index.php?rest_route=\/wp\/v2\/users\/1"}],"replies":[{"embeddable":true,"href":"https:\/\/ucnoqta.az\/index.php?rest_route=%2Fwp%2Fv2%2Fcomments&post=89557"}],"version-history":[{"count":0,"href":"https:\/\/ucnoqta.az\/index.php?rest_route=\/wp\/v2\/posts\/89557\/revisions"}],"wp:featuredmedia":[{"embeddable":true,"href":"https:\/\/ucnoqta.az\/index.php?rest_route=\/wp\/v2\/media\/251278"}],"wp:attachment":[{"href":"https:\/\/ucnoqta.az\/index.php?rest_route=%2Fwp%2Fv2%2Fmedia&parent=89557"}],"wp:term":[{"taxonomy":"category","embeddable":true,"href":"https:\/\/ucnoqta.az\/index.php?rest_route=%2Fwp%2Fv2%2Fcategories&post=89557"},{"taxonomy":"post_tag","embeddable":true,"href":"https:\/\/ucnoqta.az\/index.php?rest_route=%2Fwp%2Fv2%2Ftags&post=89557"}],"curies":[{"name":"wp","href":"https:\/\/api.w.org\/{rel}","templated":true}]}}