{"id":89556,"date":"2019-12-07T17:10:03","date_gmt":"2019-12-07T13:10:03","guid":{"rendered":""},"modified":"-0001-11-30T00:00:00","modified_gmt":"-0001-11-29T20:00:00","slug":"","status":"publish","type":"post","link":"https:\/\/ucnoqta.az\/?p=89556","title":{"rendered":"D\u0130N metroda azya\u015fl\u0131 u\u015faqlar\u0131n o\u011furlanmas\u0131 il\u0259 ba\u011fl\u0131 m\u0259lumatlara m\u00fcnasib\u0259t bildirib"},"content":{"rendered":"<p><strong>Daxili \u0130\u015fl\u0259r Nazirliyi&nbsp;(D\u0130N) sosial \u015f\u0259b\u0259k\u0259d\u0259 Bak\u0131n\u0131n Qara Qarayev metrostansiyas\u0131nda azya\u015fl\u0131 u\u015faqlar\u0131n o\u011furlanmas\u0131 il\u0259 ba\u011fl\u0131 yay\u0131lan m\u0259lumatlara m&uuml;nasib\u0259t bildirib.<\/strong><\/p>\n<p>D\u0130N-in M\u0259tbuat Xidm\u0259tind\u0259n &quot;Report&quot;a veril\u0259n m\u0259lumata g&ouml;r\u0259, u\u015faqlar\u0131n o\u011furlanmas\u0131 x\u0259b\u0259ri h\u0259qiq\u0259ti \u0259ks etdirmir.<\/p>\n<p>&ldquo;Qara Qarayev metrostansiyas\u0131 yax\u0131nl\u0131\u011f\u0131nda bir ki\u015fi ma\u011fazadan ya\u011f o\u011furlay\u0131b. Daha sonra h\u0259min ma\u011fazan\u0131n sat\u0131c\u0131s\u0131 onun arxas\u0131 il\u0259 qa&ccedil;\u0131b. Ya\u011f o\u011furlayan \u015f\u0259xs Qara Qarayev metrostansiyas\u0131n\u0131n platformas\u0131 istiqam\u0259tin\u0259 qa&ccedil;\u0131b. Orada da onun a\u015fya\u015fl\u0131 u\u015faqlar\u0131 olub. Sonra \u0259raziy\u0259 polis \u0259m\u0259kda\u015flar\u0131 g\u0259lib. O, ya\u011f\u0131 geri qaytar\u0131b, ma\u011faza sat\u0131c\u0131s\u0131 da ondan \u015fikay\u0259t&ccedil;i olmay\u0131b. H\u0259min \u015f\u0259xs d\u0259 s\u0259rb\u0259st burax\u0131l\u0131b&rdquo;, &#8211; dey\u0259, m\u0259lumatda qeyd edilib.<\/p>\n<p>Xat\u0131rladaq ki, sosial \u015f\u0259b\u0259k\u0259d\u0259 Bak\u0131n\u0131n Qara Qarayev metrostansiyas\u0131nda azya\u015fl\u0131 u\u015faqlar\u0131n o\u011furlanmas\u0131 il\u0259 ba\u011fl\u0131 m\u0259lumat yay\u0131l\u0131b.&nbsp;<\/p>\n<p>&nbsp;<\/p>\n","protected":false},"excerpt":{"rendered":"<p>Daxili \u0130\u015fl\u0259r Nazirliyi&nbsp;(D\u0130N) sosial \u015f\u0259b\u0259k\u0259d\u0259 Bak\u0131n\u0131n Qara Qarayev metrostansiyas\u0131nda azya\u015fl\u0131 u\u015faqlar\u0131n o\u011furlanmas\u0131 il\u0259 ba\u011fl\u0131 yay\u0131lan m\u0259lumatlara m&uuml;nasib\u0259t bildirib. D\u0130N-in M\u0259tbuat Xidm\u0259tind\u0259n &quot;Report&quot;a veril\u0259n m\u0259lumata g&ouml;r\u0259, u\u015faqlar\u0131n o\u011furlanmas\u0131 x\u0259b\u0259ri h\u0259qiq\u0259ti \u0259ks&hellip;<\/p>\n","protected":false},"author":1,"featured_media":251278,"comment_status":"open","ping_status":"open","sticky":false,"template":"","format":"standard","meta":{"_lmt_disableupdate":"","_lmt_disable":"","footnotes":""},"categories":[],"tags":[],"class_list":["post-89556","post","type-post","status-publish","format-standard","has-post-thumbnail","hentry"],"_links":{"self":[{"href":"https:\/\/ucnoqta.az\/index.php?rest_route=\/wp\/v2\/posts\/89556","targetHints":{"allow":["GET"]}}],"collection":[{"href":"https:\/\/ucnoqta.az\/index.php?rest_route=\/wp\/v2\/posts"}],"about":[{"href":"https:\/\/ucnoqta.az\/index.php?rest_route=\/wp\/v2\/types\/post"}],"author":[{"embeddable":true,"href":"https:\/\/ucnoqta.az\/index.php?rest_route=\/wp\/v2\/users\/1"}],"replies":[{"embeddable":true,"href":"https:\/\/ucnoqta.az\/index.php?rest_route=%2Fwp%2Fv2%2Fcomments&post=89556"}],"version-history":[{"count":0,"href":"https:\/\/ucnoqta.az\/index.php?rest_route=\/wp\/v2\/posts\/89556\/revisions"}],"wp:featuredmedia":[{"embeddable":true,"href":"https:\/\/ucnoqta.az\/index.php?rest_route=\/wp\/v2\/media\/251278"}],"wp:attachment":[{"href":"https:\/\/ucnoqta.az\/index.php?rest_route=%2Fwp%2Fv2%2Fmedia&parent=89556"}],"wp:term":[{"taxonomy":"category","embeddable":true,"href":"https:\/\/ucnoqta.az\/index.php?rest_route=%2Fwp%2Fv2%2Fcategories&post=89556"},{"taxonomy":"post_tag","embeddable":true,"href":"https:\/\/ucnoqta.az\/index.php?rest_route=%2Fwp%2Fv2%2Ftags&post=89556"}],"curies":[{"name":"wp","href":"https:\/\/api.w.org\/{rel}","templated":true}]}}