{"id":89551,"date":"2019-12-07T15:13:20","date_gmt":"2019-12-07T11:13:20","guid":{"rendered":""},"modified":"-0001-11-30T00:00:00","modified_gmt":"-0001-11-29T20:00:00","slug":"","status":"publish","type":"post","link":"https:\/\/ucnoqta.az\/?p=89551","title":{"rendered":"N\u00f6vb\u0259d\u0259nk\u0259nar parlament se\u00e7kil\u0259ri il\u0259 ba\u011fl\u0131 <font color=red><b>T\u0259qvim Plan\u0131<\/b><\/font>"},"content":{"rendered":"<p><strong>Dekabr\u0131n 7-d\u0259 M\u0259rk\u0259zi Se&ccedil;ki Komissiyas\u0131n\u0131n (MSK) n&ouml;vb\u0259ti iclas\u0131nda &ldquo;Az\u0259rbaycan Respublikas\u0131nda 2020-ci ilin fevral\u0131n 9-da n&ouml;vb\u0259d\u0259nk\u0259nar parlament se&ccedil;kil\u0259rinin haz\u0131rlan\u0131b ke&ccedil;irilm\u0259si &uuml;zr\u0259 \u0259sas h\u0259r\u0259k\u0259t v\u0259 t\u0259dbirl\u0259rin T\u0259qvim Plan\u0131&rdquo; il\u0259 \u0259laq\u0259dar m&uuml;zakir\u0259l\u0259r apar\u0131l\u0131b.<\/strong><\/p>\n<p>MSK-n\u0131n katibi Arif\u0259 Muxtarova g&uuml;nd\u0259likd\u0259ki m\u0259s\u0259l\u0259 il\u0259 ba\u011fl\u0131 &ccedil;\u0131x\u0131\u015f\u0131nda n&ouml;vb\u0259d\u0259nk\u0259nar parlament se&ccedil;kil\u0259rind\u0259 namiz\u0259din qeyd\u0259 al\u0131nmas\u0131 &uuml;&ccedil;&uuml;n z\u0259ruri olan se&ccedil;ki s\u0259n\u0259dl\u0259rinin dekabr\u0131n 21-d\u0259n ba\u015flayaraq yanvar\u0131n 10-u saat 18:00-d\u0259k dair\u0259 se&ccedil;ki komissiyalar\u0131na t\u0259qdim edilm\u0259li oldu\u011funu bildirib. Bu bar\u0259d\u0259 m\u0259s\u0259l\u0259 &ldquo;Az\u0259rbaycan Respublikas\u0131n\u0131n Milli M\u0259clisin\u0259 n&ouml;vb\u0259d\u0259nk\u0259nar se&ccedil;kil\u0259rin haz\u0131rlan\u0131b ke&ccedil;irilm\u0259si &uuml;zr\u0259 \u0259sas h\u0259r\u0259k\u0259t v\u0259 t\u0259dbirl\u0259rin T\u0259qvim Plan\u0131&rdquo;nda &ouml;z \u0259ksini tap\u0131b.<\/p>\n<p>Se&ccedil;kiqaba\u011f\u0131 t\u0259\u015fviqat\u0131n apar\u0131lmas\u0131na is\u0259 yanvar\u0131n 17-d\u0259 ba\u015flanacaq v\u0259 t\u0259\u015fviqat 8 fevral saat 08:00-da dayand\u0131r\u0131lacaq. Az\u0259rbaycanda parlament se&ccedil;kil\u0259rind\u0259 &ldquo;exit-poll&rdquo; ke&ccedil;irm\u0259k niyy\u0259tind\u0259 olan t\u0259\u015fkilatlar akkreditasiya &uuml;&ccedil;&uuml;n s\u0259n\u0259dl\u0259rini yanvar\u0131n 20-d\u0259k M\u0259rk\u0259zi Se&ccedil;ki Komissiyas\u0131na t\u0259qdim etm\u0259lidirl\u0259r. Yanvar\u0131n 30-d\u0259k is\u0259 onlar\u0131n qeydiyyata al\u0131nmas\u0131 ba\u015fa &ccedil;atmal\u0131d\u0131r.<\/p>\n<p>\u0130clasda v\u0259t\u0259nda\u015flar\u0131n se&ccedil;ki h&uuml;quqlar\u0131n\u0131 pozan h\u0259r\u0259k\u0259tl\u0259rd\u0259n (h\u0259r\u0259k\u0259tsizlikd\u0259n) v\u0259 q\u0259rarlardan \u015fikay\u0259tl\u0259rin ara\u015fd\u0131r\u0131lmas\u0131 m\u0259qs\u0259dil\u0259 MSK n\u0259zdind\u0259 ekspert qrupu yarad\u0131lmas\u0131 m\u0259s\u0259l\u0259sin\u0259 bax\u0131l\u0131b. M\u0259s\u0259l\u0259 m&uuml;zakir\u0259 olunduqdan sonra s\u0259s\u0259 qoyularaq t\u0259sdiq edilib.<\/p>\n<p>Daha sonra is\u0259 imza v\u0259r\u0259q\u0259l\u0259rind\u0259, habel\u0259 namiz\u0259dl\u0259rin, siyasi partiyalar\u0131n, siyasi partiya bloklar\u0131n\u0131n t\u0259qdim etdikl\u0259ri s\u0259n\u0259dl\u0259rd\u0259 olan m\u0259lumatlar\u0131n d&uuml;zg&uuml;nl&uuml;y&uuml;n&uuml; v\u0259 m&uuml;vafiq m\u0259lumatlar\u0131 yoxlamaq &uuml;&ccedil;&uuml;n i\u015f&ccedil;i qrupunun yarad\u0131lmas\u0131 v\u0259 t\u0259rkibinin m&uuml;\u0259yy\u0259n edilm\u0259si m\u0259s\u0259l\u0259si m&uuml;zakir\u0259 olunub. M&uuml;zakir\u0259l\u0259rd\u0259n sonra s\u0259n\u0259d s\u0259sverm\u0259y\u0259 &ccedil;\u0131xar\u0131laraq q\u0259bul edilib.<br \/>\n\u0130clasda, h\u0259m&ccedil;inin MSK-n\u0131n b\u0259zi normativ xarakterli aktlar\u0131na dair m&uuml;zakir\u0259l\u0259r apar\u0131l\u0131b.\/Az\u0259rTAC<\/p>\n","protected":false},"excerpt":{"rendered":"<p>Dekabr\u0131n 7-d\u0259 M\u0259rk\u0259zi Se&ccedil;ki Komissiyas\u0131n\u0131n (MSK) n&ouml;vb\u0259ti iclas\u0131nda &ldquo;Az\u0259rbaycan Respublikas\u0131nda 2020-ci ilin fevral\u0131n 9-da n&ouml;vb\u0259d\u0259nk\u0259nar parlament se&ccedil;kil\u0259rinin haz\u0131rlan\u0131b ke&ccedil;irilm\u0259si &uuml;zr\u0259 \u0259sas h\u0259r\u0259k\u0259t v\u0259 t\u0259dbirl\u0259rin T\u0259qvim Plan\u0131&rdquo; il\u0259 \u0259laq\u0259dar m&uuml;zakir\u0259l\u0259r apar\u0131l\u0131b.&hellip;<\/p>\n","protected":false},"author":1,"featured_media":251278,"comment_status":"open","ping_status":"open","sticky":false,"template":"","format":"standard","meta":{"_lmt_disableupdate":"","_lmt_disable":"","footnotes":""},"categories":[],"tags":[],"class_list":["post-89551","post","type-post","status-publish","format-standard","has-post-thumbnail","hentry"],"_links":{"self":[{"href":"https:\/\/ucnoqta.az\/index.php?rest_route=\/wp\/v2\/posts\/89551","targetHints":{"allow":["GET"]}}],"collection":[{"href":"https:\/\/ucnoqta.az\/index.php?rest_route=\/wp\/v2\/posts"}],"about":[{"href":"https:\/\/ucnoqta.az\/index.php?rest_route=\/wp\/v2\/types\/post"}],"author":[{"embeddable":true,"href":"https:\/\/ucnoqta.az\/index.php?rest_route=\/wp\/v2\/users\/1"}],"replies":[{"embeddable":true,"href":"https:\/\/ucnoqta.az\/index.php?rest_route=%2Fwp%2Fv2%2Fcomments&post=89551"}],"version-history":[{"count":0,"href":"https:\/\/ucnoqta.az\/index.php?rest_route=\/wp\/v2\/posts\/89551\/revisions"}],"wp:featuredmedia":[{"embeddable":true,"href":"https:\/\/ucnoqta.az\/index.php?rest_route=\/wp\/v2\/media\/251278"}],"wp:attachment":[{"href":"https:\/\/ucnoqta.az\/index.php?rest_route=%2Fwp%2Fv2%2Fmedia&parent=89551"}],"wp:term":[{"taxonomy":"category","embeddable":true,"href":"https:\/\/ucnoqta.az\/index.php?rest_route=%2Fwp%2Fv2%2Fcategories&post=89551"},{"taxonomy":"post_tag","embeddable":true,"href":"https:\/\/ucnoqta.az\/index.php?rest_route=%2Fwp%2Fv2%2Ftags&post=89551"}],"curies":[{"name":"wp","href":"https:\/\/api.w.org\/{rel}","templated":true}]}}