{"id":89549,"date":"2019-12-07T15:06:14","date_gmt":"2019-12-07T11:06:14","guid":{"rendered":""},"modified":"-0001-11-30T00:00:00","modified_gmt":"-0001-11-29T20:00:00","slug":"","status":"publish","type":"post","link":"https:\/\/ucnoqta.az\/?p=89549","title":{"rendered":"Prokurorluq orqanlar\u0131nda qullu\u011fa q\u0259bulla ba\u011fl\u0131 elan olunmu\u015f m\u00fcsabiq\u0259y\u0259 yekun vurulub"},"content":{"rendered":"<p><strong>Prokurorluq orqanlar\u0131nda qullu\u011fa q\u0259bulla ba\u011fl\u0131 elan olunmu\u015f m&uuml;sabiq\u0259y\u0259 yekun vurulub.<\/strong><\/p>\n<p>Ba\u015f Prokurorlu\u011fun M\u0259tbuat xidm\u0259tind\u0259n Ucnoqta.az-a veril\u0259n m\u0259lumata g&ouml;r\u0259, Az\u0259rbaycan Respublikas\u0131 Prezidentinin 19 iyun 2001-ci il tarixli F\u0259rman\u0131 il\u0259 t\u0259sdiq edilmi\u015f &laquo;Prokurorlu\u011fa i\u015f\u0259 q\u0259bul olunmaq &uuml;&ccedil;&uuml;n namiz\u0259dl\u0259rl\u0259 m&uuml;sabiq\u0259 ke&ccedil;irilm\u0259si qaydalar\u0131 haqq\u0131nda \u018fsasnam\u0259&raquo;y\u0259 m&uuml;vafiq olaraq prokurorluq orqanlar\u0131na i\u015f\u0259 q\u0259bul olunmaq ist\u0259y\u0259n \u015f\u0259xsl\u0259r &uuml;&ccedil;&uuml;n elan edilmi\u015f m&uuml;sabiq\u0259y\u0259 yekun vurulub.<\/p>\n<p>Xalq\u0131m\u0131z\u0131n &uuml;mummilli lideri Heyd\u0259r \u018fliyev t\u0259r\u0259find\u0259n t\u0259m\u0259li qoyulmaqla, Az\u0259rbaycan Respublikas\u0131n\u0131n Prezidenti c\u0259nab \u0130lham \u018fliyev t\u0259r\u0259find\u0259n realla\u015fd\u0131r\u0131lan d&ouml;vl\u0259t g\u0259ncl\u0259r siyas\u0259tinin u\u011furlu n\u0259tic\u0259sidir ki, 2002-ci ild\u0259n ba\u015flayaraq g\u0259nc h&uuml;quq\u015f&uuml;naslar\u0131n prokurorluq orqanlar\u0131na qullu\u011fa q\u0259bulu m&uuml;sabiq\u0259 yolu il\u0259 h\u0259yata ke&ccedil;irilir. Sonuncu m&uuml;sabiq\u0259nin yekunu da n\u0259z\u0259r\u0259 al\u0131nmaqla, tam \u015f\u0259ffaf v\u0259 \u0259dal\u0259tli prosedurlar \u0259sas\u0131nda ke&ccedil;irilmi\u015f m&uuml;sabiq\u0259l\u0259r n\u0259tic\u0259sind\u0259 qullu\u011fa q\u0259bul edil\u0259nl\u0259r haz\u0131rda prokurorluq orqanlar\u0131n\u0131n kadr korpusunun 70 faizini t\u0259\u015fkil edir.<\/p>\n<p>M&uuml;sabiq\u0259nin sonuncu m\u0259rh\u0259l\u0259sin\u0259 burax\u0131lm\u0131\u015f 29 namiz\u0259din d&uuml;nyag&ouml;r&uuml;\u015f&uuml;n&uuml;, m\u0259ntiqi d&uuml;\u015f&uuml;nm\u0259 qabiliyy\u0259tini, prokurorluqda i\u015fl\u0259m\u0259k &uuml;&ccedil;&uuml;n z\u0259ruri olan dig\u0259r \u015f\u0259xsi keyfiyy\u0259tl\u0259rini m&uuml;\u0259yy\u0259n etm\u0259k m\u0259qs\u0259dil\u0259 2019-cu il dekabr\u0131n 3-d\u0259n 5-d\u0259k Ba\u015f Prokurorlu\u011fun M&uuml;sabiq\u0259 Komissiyas\u0131 t\u0259r\u0259find\u0259n m&uuml;sahib\u0259 ke&ccedil;irilmi\u015fdir.<\/p>\n<p>M&uuml;sabiq\u0259nin n\u0259tic\u0259l\u0259rin\u0259 g&ouml;r\u0259 &quot;Prokurorlu\u011fa i\u015f\u0259 q\u0259bul olunmaq &uuml;&ccedil;&uuml;n namiz\u0259dl\u0259rl\u0259 m&uuml;sabiq\u0259 ke&ccedil;irilm\u0259si Qaydalar\u0131&quot; il\u0259 m&uuml;\u0259yy\u0259nl\u0259\u015fdirilmi\u015f ke&ccedil;id bal\u0131n\u0131 toplam\u0131\u015f 29 namiz\u0259d 9 dekabr 2019-cu il tarixd\u0259n \u018fdliyy\u0259 Akademiyas\u0131nda (Bak\u0131 \u015f\u0259h\u0259ri, Vidadi k&uuml;&ccedil;\u0259si 158) icbari t\u0259lim\u0259 c\u0259lb edil\u0259c\u0259kl\u0259r. \u0130cbari t\u0259limi m&uuml;v\u0259ff\u0259qiyy\u0259tl\u0259 ba\u015fa vurduqdan sonra pe\u015f\u0259 f\u0259aliyy\u0259tin\u0259 burax\u0131lma haqq\u0131nda \u015f\u0259had\u0259tnam\u0259 alm\u0131\u015f g\u0259nc m&uuml;t\u0259x\u0259ssisl\u0259r prokurorluq orqanlar\u0131nda m&uuml;vafiq vakant v\u0259zif\u0259l\u0259r\u0259 stajor qismind\u0259 t\u0259yin edil\u0259c\u0259kl\u0259r.<\/p>\n<p>Prokurorlu\u011fa i\u015f\u0259 q\u0259bulla \u0259laq\u0259dar elan edilmi\u015f m&uuml;sabiq\u0259d\u0259n m&uuml;v\u0259ff\u0259qiyy\u0259tl\u0259 ke&ccedil;mi\u015f \u015f\u0259xsl\u0259rin siyah\u0131s\u0131 Ba\u015f Prokurorlu\u011fun internet s\u0259hif\u0259sind\u0259 (www.prokurorluq.gov.az,&nbsp;www.genprosecutor.gov.az) v\u0259 &laquo;Q\u0259bul ota\u011f\u0131&raquo;nda yerl\u0259\u015fdirilmi\u015fdir.<\/p>\n<p>\u018flav\u0259 m\u0259lumat almaq &uuml;&ccedil;&uuml;n 437-28-56, 492-74-32, 492-06-82 v\u0259 492-62-23 n&ouml;mr\u0259li telefonlar vasit\u0259sil\u0259 m&uuml;raci\u0259t etm\u0259k olar.<\/p>\n","protected":false},"excerpt":{"rendered":"<p>Prokurorluq orqanlar\u0131nda qullu\u011fa q\u0259bulla ba\u011fl\u0131 elan olunmu\u015f m&uuml;sabiq\u0259y\u0259 yekun vurulub. Ba\u015f Prokurorlu\u011fun M\u0259tbuat xidm\u0259tind\u0259n Ucnoqta.az-a veril\u0259n m\u0259lumata g&ouml;r\u0259, Az\u0259rbaycan Respublikas\u0131 Prezidentinin 19 iyun 2001-ci il tarixli F\u0259rman\u0131 il\u0259 t\u0259sdiq edilmi\u015f&hellip;<\/p>\n","protected":false},"author":1,"featured_media":251278,"comment_status":"open","ping_status":"open","sticky":false,"template":"","format":"standard","meta":{"_lmt_disableupdate":"","_lmt_disable":"","footnotes":""},"categories":[],"tags":[],"class_list":["post-89549","post","type-post","status-publish","format-standard","has-post-thumbnail","hentry"],"_links":{"self":[{"href":"https:\/\/ucnoqta.az\/index.php?rest_route=\/wp\/v2\/posts\/89549","targetHints":{"allow":["GET"]}}],"collection":[{"href":"https:\/\/ucnoqta.az\/index.php?rest_route=\/wp\/v2\/posts"}],"about":[{"href":"https:\/\/ucnoqta.az\/index.php?rest_route=\/wp\/v2\/types\/post"}],"author":[{"embeddable":true,"href":"https:\/\/ucnoqta.az\/index.php?rest_route=\/wp\/v2\/users\/1"}],"replies":[{"embeddable":true,"href":"https:\/\/ucnoqta.az\/index.php?rest_route=%2Fwp%2Fv2%2Fcomments&post=89549"}],"version-history":[{"count":0,"href":"https:\/\/ucnoqta.az\/index.php?rest_route=\/wp\/v2\/posts\/89549\/revisions"}],"wp:featuredmedia":[{"embeddable":true,"href":"https:\/\/ucnoqta.az\/index.php?rest_route=\/wp\/v2\/media\/251278"}],"wp:attachment":[{"href":"https:\/\/ucnoqta.az\/index.php?rest_route=%2Fwp%2Fv2%2Fmedia&parent=89549"}],"wp:term":[{"taxonomy":"category","embeddable":true,"href":"https:\/\/ucnoqta.az\/index.php?rest_route=%2Fwp%2Fv2%2Fcategories&post=89549"},{"taxonomy":"post_tag","embeddable":true,"href":"https:\/\/ucnoqta.az\/index.php?rest_route=%2Fwp%2Fv2%2Ftags&post=89549"}],"curies":[{"name":"wp","href":"https:\/\/api.w.org\/{rel}","templated":true}]}}