{"id":89543,"date":"2019-12-07T14:05:25","date_gmt":"2019-12-07T10:05:25","guid":{"rendered":""},"modified":"-0001-11-30T00:00:00","modified_gmt":"-0001-11-29T20:00:00","slug":"","status":"publish","type":"post","link":"https:\/\/ucnoqta.az\/?p=89543","title":{"rendered":"Dekandan Nazil\u0259 S\u0259f\u0259rliy\u0259: <font color=red><b>\u201cGedin i\u015finizl\u0259 m\u0259\u015f\u011ful olun\u201d -A\u00c7IQLAMA<\/b><\/font>"},"content":{"rendered":"<p><strong>&ldquo;Bizd\u0259 bel\u0259 bir iddia il\u0259 ba\u011fl\u0131 m\u0259lumat yoxdur&rdquo;.&nbsp;<\/strong><\/p>\n<p>Bu fikirl\u0259ri Bak\u0131 D&ouml;vl\u0259t Universitetinin Beyn\u0259lxalq m&uuml;nasib\u0259tl\u0259r v\u0259 iqtisadiyyat fak&uuml;lt\u0259sinin dekan\u0131 H\u0259s\u0259nal\u0131yev Zeynal \u015fair\u0259 v\u0259 qira\u0259t&ccedil;i Nazil\u0259 S\u0259f\u0259rlinin instaqram sosial \u015f\u0259b\u0259k\u0259si vasit\u0259si il\u0259 h\u0259min universitetd\u0259 t\u0259hsil alan o\u011flunun guya X\u0259z\u0259r televiziyas\u0131nda yay\u0131mlanan &ldquo;S\u0259ni axtar\u0131ram&rdquo; sosial verli\u015finin apar\u0131c\u0131s\u0131 Xo\u015fq\u0259d\u0259m Hiday\u0259tq\u0131z\u0131 t\u0259r\u0259find\u0259n izl\u0259ndiyini, onun haqq\u0131nda m\u0259lumatlar toplatd\u0131\u011f\u0131n\u0131 v\u0259 bundan narahatl\u0131q ke&ccedil;irdiyini iddia edib, eyni zamanda bildirib ki, ali t\u0259hsil m&uuml;\u0259ssis\u0259sinin dekanatl\u0131\u011f\u0131nda m\u0259lumat var.<\/p>\n<p>S\u0130A&nbsp;BDU-nun Beyn\u0259lxalq m&uuml;nasib\u0259tl\u0259r v\u0259 iqtisadiyyat fak&uuml;lt\u0259sinin dekan\u0131 Zeynal H\u0259s\u0259nal\u0131yevd\u0259n s&ouml;z&uuml;ged\u0259n iddia il\u0259 ba\u011fl\u0131 m\u0259lumat &ouml;yr\u0259nib. Bel\u0259 ki, dekan\u0131n bildirdiyin\u0259 g&ouml;r\u0259, &uuml;mumiyy\u0259tl\u0259, bel\u0259 bir hadis\u0259 olmay\u0131b v\u0259 iki qad\u0131n aras\u0131nda ba\u015f ver\u0259n m\u0259s\u0259l\u0259nin universitet\u0259 d\u0259 aid edilm\u0259sinin t\u0259r\u0259fdar\u0131 deyil: &ldquo;M\u0259n he&ccedil; kim\u0259 dem\u0259mi\u015f\u0259m ki, h\u0259r hans\u0131 olaydan m\u0259lumatl\u0131yam v\u0259 s. &Uuml;mumiyy\u0259tl\u0259 bel\u0259 bir \u015fey olmay\u0131b. &Ccedil;&uuml;nki m\u0259n d\u0259 Nazil\u0259 xan\u0131mla telefon \u0259laq\u0259si yaratd\u0131m, o is\u0259 m\u0259ni tan\u0131mad\u0131\u011f\u0131n\u0131, kim oldu\u011fumu soru\u015fdu. \u018fg\u0259r onun dekanatl\u0131qla \u0259laq\u0259si varsa, nec\u0259 ola bil\u0259r ki, m\u0259ni tan\u0131mas\u0131n? Ona g&ouml;r\u0259 d\u0259 dedim ki, ay bala, gedin i\u015finizl\u0259-g&uuml;c&uuml;n&uuml;zl\u0259 m\u0259\u015f\u011ful olun, bu boyda t\u0259hsil oca\u011f\u0131n\u0131n ad\u0131n\u0131 laz\u0131ms\u0131z m\u0259s\u0259l\u0259l\u0259r\u0259 qatmay\u0131n&rdquo;.<\/p>\n<p>Dekan h\u0259m&ccedil;inin onu da bildirdi ki, qar\u015f\u0131 t\u0259r\u0259f universiteti m\u0259hk\u0259m\u0259y\u0259 ver\u0259c\u0259yini d\u0259 deyib: &ldquo;M\u0259ni g&uuml;lm\u0259k tutdu, &ccedil;&uuml;nki m\u0259niml\u0259 yana\u015f\u0131 m&uuml;avinl\u0259rimiz d\u0259 bu m\u0259s\u0259l\u0259ni ara\u015fd\u0131rd\u0131q v\u0259 m\u0259lum oldu ki, &uuml;mumiyy\u0259tl\u0259 kims\u0259y\u0259 he&ccedil; n\u0259 deyilm\u0259yib. Nazil\u0259 xan\u0131m dekanatl\u0131qla &uuml;mumiyy\u0259tl\u0259 dan\u0131\u015fmay\u0131b. H\u0259ft\u0259nin \u0259vv\u0259lind\u0259 h\u0259min t\u0259l\u0259b\u0259ni yan\u0131ma d\u0259v\u0259t edib ondan izahat ist\u0259y\u0259c\u0259y\u0259m v\u0259 onun izl\u0259nm\u0259k v\u0259 s. kimi iddialar\u0131n\u0131 ara\u015fd\u0131raca\u011fam&rdquo;.\/Sia.az<\/p>\n","protected":false},"excerpt":{"rendered":"<p>&ldquo;Bizd\u0259 bel\u0259 bir iddia il\u0259 ba\u011fl\u0131 m\u0259lumat yoxdur&rdquo;.&nbsp; Bu fikirl\u0259ri Bak\u0131 D&ouml;vl\u0259t Universitetinin Beyn\u0259lxalq m&uuml;nasib\u0259tl\u0259r v\u0259 iqtisadiyyat fak&uuml;lt\u0259sinin dekan\u0131 H\u0259s\u0259nal\u0131yev Zeynal \u015fair\u0259 v\u0259 qira\u0259t&ccedil;i Nazil\u0259 S\u0259f\u0259rlinin instaqram sosial \u015f\u0259b\u0259k\u0259si vasit\u0259si&hellip;<\/p>\n","protected":false},"author":1,"featured_media":251278,"comment_status":"open","ping_status":"open","sticky":false,"template":"","format":"standard","meta":{"_lmt_disableupdate":"","_lmt_disable":"","footnotes":""},"categories":[],"tags":[],"class_list":["post-89543","post","type-post","status-publish","format-standard","has-post-thumbnail","hentry"],"_links":{"self":[{"href":"https:\/\/ucnoqta.az\/index.php?rest_route=\/wp\/v2\/posts\/89543","targetHints":{"allow":["GET"]}}],"collection":[{"href":"https:\/\/ucnoqta.az\/index.php?rest_route=\/wp\/v2\/posts"}],"about":[{"href":"https:\/\/ucnoqta.az\/index.php?rest_route=\/wp\/v2\/types\/post"}],"author":[{"embeddable":true,"href":"https:\/\/ucnoqta.az\/index.php?rest_route=\/wp\/v2\/users\/1"}],"replies":[{"embeddable":true,"href":"https:\/\/ucnoqta.az\/index.php?rest_route=%2Fwp%2Fv2%2Fcomments&post=89543"}],"version-history":[{"count":0,"href":"https:\/\/ucnoqta.az\/index.php?rest_route=\/wp\/v2\/posts\/89543\/revisions"}],"wp:featuredmedia":[{"embeddable":true,"href":"https:\/\/ucnoqta.az\/index.php?rest_route=\/wp\/v2\/media\/251278"}],"wp:attachment":[{"href":"https:\/\/ucnoqta.az\/index.php?rest_route=%2Fwp%2Fv2%2Fmedia&parent=89543"}],"wp:term":[{"taxonomy":"category","embeddable":true,"href":"https:\/\/ucnoqta.az\/index.php?rest_route=%2Fwp%2Fv2%2Fcategories&post=89543"},{"taxonomy":"post_tag","embeddable":true,"href":"https:\/\/ucnoqta.az\/index.php?rest_route=%2Fwp%2Fv2%2Ftags&post=89543"}],"curies":[{"name":"wp","href":"https:\/\/api.w.org\/{rel}","templated":true}]}}