{"id":89532,"date":"2019-12-07T10:15:32","date_gmt":"2019-12-07T06:15:32","guid":{"rendered":""},"modified":"-0001-11-30T00:00:00","modified_gmt":"-0001-11-29T20:00:00","slug":"","status":"publish","type":"post","link":"https:\/\/ucnoqta.az\/?p=89532","title":{"rendered":"Deputat\u0131n d\u0259fninin gecikm\u0259 s\u0259b\u0259bi <font color=red><b>A\u00c7IQLANDI<\/b><\/font>"},"content":{"rendered":"<p><strong>&quot;D&uuml;nyas\u0131n\u0131 d\u0259yi\u015f\u0259n \u015f\u0259xsin \u015f\u0259nb\u0259 g&uuml;n&uuml; torpa\u011fa tap\u015f\u0131r\u0131lmas\u0131 bizim ad\u0259t-\u0259n\u0259n\u0259y\u0259 uy\u011fun deyil&quot;.<\/strong><\/p>\n<p>Ucnoqta.az x\u0259b\u0259r verir ki, bunu &quot;Report&quot;a a&ccedil;\u0131qlamas\u0131nda &ouml;t\u0259n g&uuml;n v\u0259fat ed\u0259n deputat&nbsp;Yevda Abramovun q\u0131z\u0131&nbsp;B\u0259sti Yusifova&nbsp;deyib. &quot;Ona g&ouml;r\u0259 d\u0259 atam\u0131n d\u0259fn m\u0259rasimi bazar g&uuml;n&uuml;, y\u0259ni dekabr\u0131n 8-d\u0259 ke&ccedil;iril\u0259c\u0259k&quot;, &#8211; dey\u0259 m\u0259rhum deputat\u0131n q\u0131z\u0131 bildirib.<\/p>\n<p><strong>*** 09:42<\/strong><\/p>\n<p>Milli M\u0259clisin &ouml;t\u0259n g&uuml;n v\u0259fat ed\u0259n&nbsp;deputat\u0131&nbsp;Yevda Abramov&nbsp;do\u011fuldu\u011fu Quba rayonunun Q\u0131rm\u0131z\u0131 Q\u0259s\u0259b\u0259sind\u0259 d\u0259fn olunacaq. Bunu&nbsp;Yevda Abramovun q\u0131z\u0131&nbsp;B\u0259sti Yusifova&nbsp;deyib.<\/p>\n<p>O bildirib ki, atas\u0131 il\u0259&nbsp;vida m\u0259rasimi&nbsp;dekabr\u0131n 8-i saat 12:00-dan 13:00-d\u0259k Quba rayonunun M\u0259d\u0259niyy\u0259t evind\u0259 ke&ccedil;iril\u0259c\u0259k.<\/p>\n<p>Vida m\u0259rasimind\u0259n sonra m\u0259rhumun c\u0259naz\u0259si do\u011fuldu\u011fu&nbsp;Q\u0131rm\u0131z\u0131 Q\u0259s\u0259b\u0259d\u0259 yerl\u0259\u015f\u0259n q\u0259biristanl\u0131qda torpa\u011fa tap\u015f\u0131r\u0131lacaq.<\/p>\n<p>Qeyd ed\u0259k ki,&nbsp;milliyy\u0259tc\u0259 y\u0259hudi olan Yevda Sasunovi&ccedil; Abramov 12 iyun 1948-ci ild\u0259 Quba rayonunun Q\u0131rm\u0131z\u0131 q\u0259s\u0259b\u0259sind\u0259 anadan olub. O, bir ne&ccedil;\u0259 ildir&nbsp;x\u0259r&ccedil;\u0259ng x\u0259st\u0259liyind\u0259n m&uuml;alic\u0259 olunurdu.\/report<\/p>\n","protected":false},"excerpt":{"rendered":"<p>&quot;D&uuml;nyas\u0131n\u0131 d\u0259yi\u015f\u0259n \u015f\u0259xsin \u015f\u0259nb\u0259 g&uuml;n&uuml; torpa\u011fa tap\u015f\u0131r\u0131lmas\u0131 bizim ad\u0259t-\u0259n\u0259n\u0259y\u0259 uy\u011fun deyil&quot;. Ucnoqta.az x\u0259b\u0259r verir ki, bunu &quot;Report&quot;a a&ccedil;\u0131qlamas\u0131nda &ouml;t\u0259n g&uuml;n v\u0259fat ed\u0259n deputat&nbsp;Yevda Abramovun q\u0131z\u0131&nbsp;B\u0259sti Yusifova&nbsp;deyib. &quot;Ona g&ouml;r\u0259 d\u0259 atam\u0131n&hellip;<\/p>\n","protected":false},"author":1,"featured_media":251278,"comment_status":"open","ping_status":"open","sticky":false,"template":"","format":"standard","meta":{"_lmt_disableupdate":"","_lmt_disable":"","footnotes":""},"categories":[],"tags":[],"class_list":["post-89532","post","type-post","status-publish","format-standard","has-post-thumbnail","hentry"],"_links":{"self":[{"href":"https:\/\/ucnoqta.az\/index.php?rest_route=\/wp\/v2\/posts\/89532","targetHints":{"allow":["GET"]}}],"collection":[{"href":"https:\/\/ucnoqta.az\/index.php?rest_route=\/wp\/v2\/posts"}],"about":[{"href":"https:\/\/ucnoqta.az\/index.php?rest_route=\/wp\/v2\/types\/post"}],"author":[{"embeddable":true,"href":"https:\/\/ucnoqta.az\/index.php?rest_route=\/wp\/v2\/users\/1"}],"replies":[{"embeddable":true,"href":"https:\/\/ucnoqta.az\/index.php?rest_route=%2Fwp%2Fv2%2Fcomments&post=89532"}],"version-history":[{"count":0,"href":"https:\/\/ucnoqta.az\/index.php?rest_route=\/wp\/v2\/posts\/89532\/revisions"}],"wp:featuredmedia":[{"embeddable":true,"href":"https:\/\/ucnoqta.az\/index.php?rest_route=\/wp\/v2\/media\/251278"}],"wp:attachment":[{"href":"https:\/\/ucnoqta.az\/index.php?rest_route=%2Fwp%2Fv2%2Fmedia&parent=89532"}],"wp:term":[{"taxonomy":"category","embeddable":true,"href":"https:\/\/ucnoqta.az\/index.php?rest_route=%2Fwp%2Fv2%2Fcategories&post=89532"},{"taxonomy":"post_tag","embeddable":true,"href":"https:\/\/ucnoqta.az\/index.php?rest_route=%2Fwp%2Fv2%2Ftags&post=89532"}],"curies":[{"name":"wp","href":"https:\/\/api.w.org\/{rel}","templated":true}]}}