{"id":89520,"date":"2019-12-06T19:12:13","date_gmt":"2019-12-06T15:12:13","guid":{"rendered":""},"modified":"-0001-11-30T00:00:00","modified_gmt":"-0001-11-29T20:00:00","slug":"","status":"publish","type":"post","link":"https:\/\/ucnoqta.az\/?p=89520","title":{"rendered":"Merkel: Nasistl\u0259rin t\u00f6r\u0259tdikl\u0259ri cinay\u0259tl\u0259r\u0259 g\u00f6r\u0259 x\u0259cal\u0259t \u00e7\u0259kir\u0259m"},"content":{"rendered":"<p><strong>Almaniya kansleri Angela Merkel etiraf edib ki, nasistl\u0259rin t&ouml;r\u0259tdikl\u0259ri cinay\u0259tl\u0259r\u0259 g&ouml;r\u0259 x\u0259cal\u0259t &ccedil;\u0259kir.&nbsp;<\/strong><\/p>\n<p>Oxu.Az&nbsp;TASS agentliyin\u0259 istinad\u0259n x\u0259b\u0259r verir ki, Angela Merkel bu s&ouml;zl\u0259ri nasistl\u0259rin yaratd\u0131\u011f\u0131 \u0259n b&ouml;y&uuml;k &ouml;l&uuml;m d&uuml;\u015f\u0259rg\u0259si &#8211;&nbsp;&ldquo;Au\u015fvitz Birkenau&rdquo;da &ccedil;\u0131x\u0131\u015f\u0131 zaman\u0131 deyib.<\/p>\n<p>&ldquo;Almaniyan\u0131n kansleri olaraq burada dayanmaq v\u0259 &ouml;z&uuml;m&uuml; ifad\u0259 etm\u0259k &ccedil;ox &ccedil;\u0259tindir. M\u0259n&nbsp;nasistl\u0259rin burada t&ouml;r\u0259tdikl\u0259ri v\u0259h\u015filikl\u0259ri n\u0259z\u0259r\u0259 alaraq b&ouml;y&uuml;k x\u0259cal\u0259t &ccedil;\u0259kir\u0259m&rdquo;, &#8211; dey\u0259&nbsp;Au\u015fvitz-Birkenau fondunun 10 illiyin\u0259 h\u0259sr edilmi\u015f t\u0259dbird\u0259 &ccedil;\u0131x\u0131\u015f ed\u0259n Angela Merkel qeyd edib.<\/p>\n<p>Qeyd ed\u0259k ki, Au\u015fvitz h\u0259bs d&uuml;\u015f\u0259rg\u0259si Holokost zaman\u0131 nasistl\u0259rin yaratd\u0131\u011f\u0131 \u0259n b&ouml;y&uuml;k &ouml;l&uuml;m d&uuml;\u015f\u0259rg\u0259si olub. \u018frazi Pol\u015fan\u0131n Krakov \u015f\u0259h\u0259rind\u0259n 60 kilometr q\u0259rbd\u0259 yerl\u0259\u015fir.<\/p>\n","protected":false},"excerpt":{"rendered":"<p>Almaniya kansleri Angela Merkel etiraf edib ki, nasistl\u0259rin t&ouml;r\u0259tdikl\u0259ri cinay\u0259tl\u0259r\u0259 g&ouml;r\u0259 x\u0259cal\u0259t &ccedil;\u0259kir.&nbsp; Oxu.Az&nbsp;TASS agentliyin\u0259 istinad\u0259n x\u0259b\u0259r verir ki, Angela Merkel bu s&ouml;zl\u0259ri nasistl\u0259rin yaratd\u0131\u011f\u0131 \u0259n b&ouml;y&uuml;k &ouml;l&uuml;m d&uuml;\u015f\u0259rg\u0259si &#8211;&nbsp;&ldquo;Au\u015fvitz&hellip;<\/p>\n","protected":false},"author":1,"featured_media":251278,"comment_status":"open","ping_status":"open","sticky":false,"template":"","format":"standard","meta":{"_lmt_disableupdate":"","_lmt_disable":"","footnotes":""},"categories":[89],"tags":[],"class_list":["post-89520","post","type-post","status-publish","format-standard","has-post-thumbnail","hentry","category-dunya-butun-xeberler"],"_links":{"self":[{"href":"https:\/\/ucnoqta.az\/index.php?rest_route=\/wp\/v2\/posts\/89520","targetHints":{"allow":["GET"]}}],"collection":[{"href":"https:\/\/ucnoqta.az\/index.php?rest_route=\/wp\/v2\/posts"}],"about":[{"href":"https:\/\/ucnoqta.az\/index.php?rest_route=\/wp\/v2\/types\/post"}],"author":[{"embeddable":true,"href":"https:\/\/ucnoqta.az\/index.php?rest_route=\/wp\/v2\/users\/1"}],"replies":[{"embeddable":true,"href":"https:\/\/ucnoqta.az\/index.php?rest_route=%2Fwp%2Fv2%2Fcomments&post=89520"}],"version-history":[{"count":0,"href":"https:\/\/ucnoqta.az\/index.php?rest_route=\/wp\/v2\/posts\/89520\/revisions"}],"wp:featuredmedia":[{"embeddable":true,"href":"https:\/\/ucnoqta.az\/index.php?rest_route=\/wp\/v2\/media\/251278"}],"wp:attachment":[{"href":"https:\/\/ucnoqta.az\/index.php?rest_route=%2Fwp%2Fv2%2Fmedia&parent=89520"}],"wp:term":[{"taxonomy":"category","embeddable":true,"href":"https:\/\/ucnoqta.az\/index.php?rest_route=%2Fwp%2Fv2%2Fcategories&post=89520"},{"taxonomy":"post_tag","embeddable":true,"href":"https:\/\/ucnoqta.az\/index.php?rest_route=%2Fwp%2Fv2%2Ftags&post=89520"}],"curies":[{"name":"wp","href":"https:\/\/api.w.org\/{rel}","templated":true}]}}