{"id":89519,"date":"2019-12-06T18:19:57","date_gmt":"2019-12-06T14:19:57","guid":{"rendered":""},"modified":"-0001-11-30T00:00:00","modified_gmt":"-0001-11-29T20:00:00","slug":"","status":"publish","type":"post","link":"https:\/\/ucnoqta.az\/?p=89519","title":{"rendered":"A\u011fac\u0259km\u0259 aksiyas\u0131nda bu rayonlar f\u0259rql\u0259nib"},"content":{"rendered":"<p><strong>N\u0259siminin 650 illik yubileyi m&uuml;nasib\u0259til\u0259 eyni g&uuml;nd\u0259 650 min a\u011fac\u0131n \u0259kilm\u0259si t\u0259\u015f\u0259bb&uuml;s&uuml;n&uuml;n realla\u015fmas\u0131nda Sabirabad, \u015eamax\u0131, \u0130smay\u0131ll\u0131 rayonlar\u0131 i\u015fl\u0259ri \u0259n yax\u015f\u0131 t\u0259\u015fkil etm\u0259l\u0259ri, daha &ccedil;ox a\u011fac \u0259km\u0259l\u0259ri, damc\u0131l\u0131 suvarma sisteml\u0259ri qura\u015fd\u0131rmalar\u0131 il\u0259 x&uuml;susil\u0259 f\u0259rql\u0259nib.<\/strong><\/p>\n<p>Bunu Ekologiya v\u0259 T\u0259bii S\u0259rv\u0259tl\u0259r Nazirliyinin m\u0259tbuat xidm\u0259tinin r\u0259hb\u0259ri \u0130rad\u0259 \u0130brahimova deyib.<\/p>\n<p>Onun s&ouml;zl\u0259rin\u0259 g&ouml;r\u0259, bu n\u0259cib t\u0259\u015f\u0259bb&uuml;s\u0259 qo\u015fulan v\u0259 a\u011fac \u0259k\u0259n h\u0259r k\u0259s bu \u0259lam\u0259tdar g&uuml;n&uuml; f\u0259xrl\u0259 xat\u0131rlayacaq: &quot;Az\u0259rbaycan Prezidenti \u0130lham \u018fliyevin m&uuml;vafiq s\u0259r\u0259ncam\u0131 il\u0259 bu il Az\u0259rbaycanda &ldquo;N\u0259simi ili&rdquo; elan olundu. Bu il &ccedil;\u0259r&ccedil;iv\u0259sind\u0259 b&uuml;t&uuml;n sah\u0259l\u0259r &uuml;zr\u0259 bir s\u0131ra maraql\u0131 t\u0259dbirl\u0259r ke&ccedil;irildi. Bu t\u0259dbirl\u0259rl\u0259 yana\u015f\u0131, &ldquo;N\u0259simi ili&rdquo;n\u0259 t&ouml;hf\u0259 verilm\u0259si &uuml;&ccedil;&uuml;n Birinci vitse-prezident Mehriban xan\u0131m \u018fliyeva t\u0259r\u0259find\u0259n &ouml;lk\u0259mizd\u0259 bir g&uuml;nd\u0259 650 min a\u011fac\u0131n \u0259kilm\u0259si t\u0259\u015f\u0259bb&uuml;s&uuml; ir\u0259li s&uuml;r&uuml;ld&uuml;. Qeyd edim ki, h\u0259r il &ouml;lk\u0259d\u0259 y&uuml;z minl\u0259rl\u0259 a\u011fac \u0259kilir. Lakin bu t\u0259\u015f\u0259bb&uuml;s ham\u0131n\u0131 bir amal \u0259traf\u0131nda birl\u0259\u015fdirdi, h\u0259mr\u0259y olma\u011fa s&ouml;vq etdi. &Ccedil;ox sevindirici v\u0259 q&uuml;rurvericidir ki, h\u0259r k\u0259s bu xeyirxah t\u0259\u015f\u0259bb&uuml;s&uuml; d\u0259st\u0259kl\u0259di, b&ouml;y&uuml;k \u015fairin xatir\u0259sinin \u0259b\u0259dil\u0259\u015fdirilm\u0259sin\u0259, d&uuml;nyada tan\u0131d\u0131lmas\u0131na, h\u0259m&ccedil;inin ekoloji m&uuml;hitimizin sa\u011flamla\u015fd\u0131r\u0131lmas\u0131na v\u0259 ya\u015f\u0131ll\u0131qlar\u0131n daha da art\u0131r\u0131lmas\u0131na hesablanan ideyan\u0131n h\u0259yata ke&ccedil;irilm\u0259sind\u0259 y&uuml;ks\u0259k \u0259hval-ruhiyy\u0259 n&uuml;mayi\u015f etdirdi. SOCAR, BP kimi b&ouml;y&uuml;k \u015firk\u0259tl\u0259rd\u0259n tutmu\u015f f\u0259rdi insanlara kimi ham\u0131 bu t\u0259\u015f\u0259bb&uuml;s\u0259 qo\u015fuldu&quot;.<\/p>\n<p>\u0130.\u0130brahimova \u0259lav\u0259 edib ki, &ouml;lk\u0259nin 80-d\u0259n art\u0131q rayonunun f\u0259rqli m\u0259kanlar\u0131nda ya\u015f\u0131ndan, pe\u015f\u0259sind\u0259n as\u0131l\u0131 olmayaraq minl\u0259rl\u0259 insan\u0131n bu geni\u015fmiqyasl\u0131 a\u011fac\u0259km\u0259 kampaniyas\u0131na k&uuml;tl\u0259vilikl\u0259 qo\u015fulmas\u0131 h\u0259qiq\u0259t\u0259n f\u0259xr edil\u0259sidir.<\/p>\n<p>Nazirlik r\u0259smisi qeyd edib ki, bu t\u0259\u015f\u0259bb&uuml;s&uuml;n h\u0259yata ke&ccedil;irilm\u0259si &uuml;&ccedil;&uuml;n Ekologiya v\u0259 T\u0259bii S\u0259rv\u0259tl\u0259r Nazirliyind\u0259 x&uuml;susi q\u0259rargah yarad\u0131ld\u0131 v\u0259 nazir m&uuml;avini Firdovsi \u018fliyevin r\u0259hb\u0259rliyi il\u0259 b&ouml;y&uuml;k bir qrup bu i\u015fl\u0259 m\u0259\u011ful oldu. A\u011fac \u0259kil\u0259c\u0259k \u0259razil\u0259rin m&uuml;\u0259yy\u0259n olunmas\u0131, yerli iqlim \u015f\u0259raitin\u0259 uy\u011fun tingl\u0259rin se&ccedil;ilm\u0259si, \u0259kin \u0259razil\u0259rin\u0259 da\u015f\u0131nmas\u0131 bu qrupun f\u0259aliyy\u0259ti n\u0259tic\u0259sind\u0259 rella\u015fd\u0131:<br \/>\n&quot;\u0130nan\u0131ram ki, a\u011fac \u0259k\u0259n v\u0259 bu n\u0259cib t\u0259\u015f\u0259bb&uuml;s\u0259 qo\u015fulan h\u0259r k\u0259s bu \u0259lam\u0259tdar g&uuml;n&uuml; yadda\u015f\u0131nda saxlayacaq, sonrak\u0131 ill\u0259rd\u0259 f\u0259xrl\u0259 xat\u0131rlayaraq q&uuml;rur duyacaq.<br \/>\nOnu da qeyd edim ki, bu pay\u0131z m&ouml;vs&uuml;m&uuml;nd\u0259 a\u011fac \u0259kilm\u0259si t\u0259dbirl\u0259ri bundan sonra da b&uuml;t&uuml;n regionlarda davam etdiril\u0259c\u0259k&quot;.\/trend<\/p>\n<p>&nbsp;<\/p>\n","protected":false},"excerpt":{"rendered":"<p>N\u0259siminin 650 illik yubileyi m&uuml;nasib\u0259til\u0259 eyni g&uuml;nd\u0259 650 min a\u011fac\u0131n \u0259kilm\u0259si t\u0259\u015f\u0259bb&uuml;s&uuml;n&uuml;n realla\u015fmas\u0131nda Sabirabad, \u015eamax\u0131, \u0130smay\u0131ll\u0131 rayonlar\u0131 i\u015fl\u0259ri \u0259n yax\u015f\u0131 t\u0259\u015fkil etm\u0259l\u0259ri, daha &ccedil;ox a\u011fac \u0259km\u0259l\u0259ri, damc\u0131l\u0131 suvarma sisteml\u0259ri qura\u015fd\u0131rmalar\u0131&hellip;<\/p>\n","protected":false},"author":1,"featured_media":251278,"comment_status":"open","ping_status":"open","sticky":false,"template":"","format":"standard","meta":{"_lmt_disableupdate":"","_lmt_disable":"","footnotes":""},"categories":[101],"tags":[],"class_list":["post-89519","post","type-post","status-publish","format-standard","has-post-thumbnail","hentry","category-cemiyyet"],"_links":{"self":[{"href":"https:\/\/ucnoqta.az\/index.php?rest_route=\/wp\/v2\/posts\/89519","targetHints":{"allow":["GET"]}}],"collection":[{"href":"https:\/\/ucnoqta.az\/index.php?rest_route=\/wp\/v2\/posts"}],"about":[{"href":"https:\/\/ucnoqta.az\/index.php?rest_route=\/wp\/v2\/types\/post"}],"author":[{"embeddable":true,"href":"https:\/\/ucnoqta.az\/index.php?rest_route=\/wp\/v2\/users\/1"}],"replies":[{"embeddable":true,"href":"https:\/\/ucnoqta.az\/index.php?rest_route=%2Fwp%2Fv2%2Fcomments&post=89519"}],"version-history":[{"count":0,"href":"https:\/\/ucnoqta.az\/index.php?rest_route=\/wp\/v2\/posts\/89519\/revisions"}],"wp:featuredmedia":[{"embeddable":true,"href":"https:\/\/ucnoqta.az\/index.php?rest_route=\/wp\/v2\/media\/251278"}],"wp:attachment":[{"href":"https:\/\/ucnoqta.az\/index.php?rest_route=%2Fwp%2Fv2%2Fmedia&parent=89519"}],"wp:term":[{"taxonomy":"category","embeddable":true,"href":"https:\/\/ucnoqta.az\/index.php?rest_route=%2Fwp%2Fv2%2Fcategories&post=89519"},{"taxonomy":"post_tag","embeddable":true,"href":"https:\/\/ucnoqta.az\/index.php?rest_route=%2Fwp%2Fv2%2Ftags&post=89519"}],"curies":[{"name":"wp","href":"https:\/\/api.w.org\/{rel}","templated":true}]}}