{"id":89516,"date":"2019-12-06T17:52:45","date_gmt":"2019-12-06T13:52:45","guid":{"rendered":""},"modified":"-0001-11-30T00:00:00","modified_gmt":"-0001-11-29T20:00:00","slug":"","status":"publish","type":"post","link":"https:\/\/ucnoqta.az\/?p=89516","title":{"rendered":"Bu g\u00fcn Az\u0259rbaycanda 650 mind\u0259n \u00e7ox a\u011fac \u0259kilib"},"content":{"rendered":"<p><strong>&quot;N\u0259siminin 650 illik yubileyi m&uuml;nasib\u0259til\u0259 bir g&uuml;nd\u0259 650 min a\u011fac\u0131n \u0259kilm\u0259si t\u0259\u015f\u0259bb&uuml;s&uuml; az\u0259rbaycanl\u0131lar aras\u0131nda h\u0259mr\u0259ylik n&uuml;mayi\u015fi idi. H\u0259d\u0259f 650 min olsa da, ancaq&nbsp;\u0259kil\u0259n a\u011faclar\u0131n say\u0131 650 mini ke&ccedil;ib. Bu da sevindirici hald\u0131r&quot;.<\/strong><\/p>\n<p>&quot;Report&quot; x\u0259b\u0259r verir ki, bu fikirl\u0259ri Ekologiya v\u0259 T\u0259bii S\u0259rv\u0259tl\u0259r nazirinin m&uuml;avini Firdovsi \u018fliyev deyib.<\/p>\n<p>Onun s&ouml;zl\u0259rin\u0259 g&ouml;r\u0259, a\u011fac\u0259km\u0259 aksiyas\u0131nda 80-d\u0259n &ccedil;ox rayonda 37 n&ouml;v a\u011fac \u0259kildi: &quot;SOCAR&nbsp;\u0259m\u0259kda\u015flar\u0131 100 min a\u011fac \u0259kdi. H\u0259tta 12 min a\u011fac \u0259kilm\u0259si &uuml;&ccedil;&uuml;n &Ccedil;ilov adas\u0131na g&ouml;nd\u0259rildi. Bir g&uuml;nd\u0259 650 min a\u011fac\u0131n \u0259kilm\u0259si h\u0259m bug&uuml;nk&uuml;, h\u0259m d\u0259 g\u0259l\u0259c\u0259k n\u0259sill\u0259r\u0259 xidm\u0259t ed\u0259n t\u0259\u015f\u0259bb&uuml;sd&uuml;r. Regionlara paylan\u0131lan a\u011fac tingl\u0259ri qlim \u015f\u0259raitin\u0259 g&ouml;r\u0259 se&ccedil;ilmi\u015fdi. Y\u0259ni a\u011fac \u0259kilm\u0259si xatirin\u0259 se&ccedil;im olmad\u0131. \u018fsas odur ki h\u0259min a\u011faclara diqq\u0259t v\u0259 qay\u011f\u0131 daimi olsun&quot;.<\/p>\n<p>Qeyd ed\u0259k ki, bir g&uuml;nd\u0259 650 min a\u011fac\u0131n \u0259kilm\u0259si &ouml;lk\u0259mizd\u0259 ya\u015f\u0131ll\u0131qlar\u0131n daha da art\u0131r\u0131lmas\u0131na, qlobal iqlim d\u0259yi\u015fikliyinin t\u0259sirl\u0259rinin azald\u0131lmas\u0131na, h\u0259m d\u0259 karbon qaz\u0131n\u0131n udulmas\u0131na m&uuml;sb\u0259t t\u0259sir g&ouml;st\u0259r\u0259c\u0259k.<\/p>\n<p>&nbsp;<\/p>\n","protected":false},"excerpt":{"rendered":"<p>&quot;N\u0259siminin 650 illik yubileyi m&uuml;nasib\u0259til\u0259 bir g&uuml;nd\u0259 650 min a\u011fac\u0131n \u0259kilm\u0259si t\u0259\u015f\u0259bb&uuml;s&uuml; az\u0259rbaycanl\u0131lar aras\u0131nda h\u0259mr\u0259ylik n&uuml;mayi\u015fi idi. H\u0259d\u0259f 650 min olsa da, ancaq&nbsp;\u0259kil\u0259n a\u011faclar\u0131n say\u0131 650 mini ke&ccedil;ib. Bu da&hellip;<\/p>\n","protected":false},"author":1,"featured_media":251278,"comment_status":"open","ping_status":"open","sticky":false,"template":"","format":"standard","meta":{"_lmt_disableupdate":"","_lmt_disable":"","footnotes":""},"categories":[],"tags":[],"class_list":["post-89516","post","type-post","status-publish","format-standard","has-post-thumbnail","hentry"],"_links":{"self":[{"href":"https:\/\/ucnoqta.az\/index.php?rest_route=\/wp\/v2\/posts\/89516","targetHints":{"allow":["GET"]}}],"collection":[{"href":"https:\/\/ucnoqta.az\/index.php?rest_route=\/wp\/v2\/posts"}],"about":[{"href":"https:\/\/ucnoqta.az\/index.php?rest_route=\/wp\/v2\/types\/post"}],"author":[{"embeddable":true,"href":"https:\/\/ucnoqta.az\/index.php?rest_route=\/wp\/v2\/users\/1"}],"replies":[{"embeddable":true,"href":"https:\/\/ucnoqta.az\/index.php?rest_route=%2Fwp%2Fv2%2Fcomments&post=89516"}],"version-history":[{"count":0,"href":"https:\/\/ucnoqta.az\/index.php?rest_route=\/wp\/v2\/posts\/89516\/revisions"}],"wp:featuredmedia":[{"embeddable":true,"href":"https:\/\/ucnoqta.az\/index.php?rest_route=\/wp\/v2\/media\/251278"}],"wp:attachment":[{"href":"https:\/\/ucnoqta.az\/index.php?rest_route=%2Fwp%2Fv2%2Fmedia&parent=89516"}],"wp:term":[{"taxonomy":"category","embeddable":true,"href":"https:\/\/ucnoqta.az\/index.php?rest_route=%2Fwp%2Fv2%2Fcategories&post=89516"},{"taxonomy":"post_tag","embeddable":true,"href":"https:\/\/ucnoqta.az\/index.php?rest_route=%2Fwp%2Fv2%2Ftags&post=89516"}],"curies":[{"name":"wp","href":"https:\/\/api.w.org\/{rel}","templated":true}]}}