{"id":89514,"date":"2019-12-06T17:18:17","date_gmt":"2019-12-06T13:18:17","guid":{"rendered":""},"modified":"-0001-11-30T00:00:00","modified_gmt":"-0001-11-29T20:00:00","slug":"","status":"publish","type":"post","link":"https:\/\/ucnoqta.az\/?p=89514","title":{"rendered":"Hac\u0131 \u018fliyev n\u00f6vb\u0259ti Avropa \u00e7empionat\u0131nda i\u015ftirak etm\u0259y\u0259c\u0259k"},"content":{"rendered":"<p><strong>Az\u0259rbaycan s\u0259rb\u0259st g&uuml;l\u0259\u015f&ccedil;isi&nbsp;Hac\u0131 \u018fliyev 2020-ci il Avropa &ccedil;empionat\u0131nda i\u015ftirak etm\u0259y\u0259c\u0259k.<\/strong><\/p>\n<p>Bu bar\u0259d\u0259 &quot;Report&quot;a 28 ya\u015fl\u0131 idman&ccedil;\u0131n\u0131n &ouml;z&uuml; m\u0259lumat verib. 65 kq &ccedil;\u0259ki d\u0259r\u0259c\u0259sind\u0259 &ccedil;\u0131x\u0131\u015f ed\u0259n 3 qat d&uuml;nya v\u0259 3 qat Avropa &ccedil;empionu q\u0259rar\u0131n\u0131&nbsp;2020-ci il Tokio Yay Olimpiya Oyunlar\u0131na lisenziya xarakterli turnir\u0259 daha ciddi haz\u0131rla\u015fmaq ist\u0259yi il\u0259 \u0259laq\u0259l\u0259ndirib.&nbsp;&quot;M\u0259\u015fq&ccedil;il\u0259r hey\u0259timizin Avropa &ccedil;empionat\u0131nda 65 kq &ccedil;\u0259kid\u0259&nbsp;Turan Bayramov v\u0259 ya \u018fli R\u0259himzad\u0259y\u0259 \u015fans ver\u0259c\u0259kl\u0259rini d&uuml;\u015f&uuml;n&uuml;r\u0259m. M\u0259nim is\u0259 h\u0259d\u0259fim lisenziya yar\u0131\u015f\u0131na getm\u0259k, oradan is\u0259 olimpiadaya sa\u011f-salamat yola d&uuml;\u015fm\u0259kdir&quot;.<\/p>\n<p>Qeyd ed\u0259k ki, Avropa &ccedil;empionat\u0131 10 &#8211; 16 fevralda \u0130taliyan\u0131n paytaxt\u0131 Romada&nbsp;ke&ccedil;iril\u0259c\u0259k. 2020-ci il Tokio Yay Olimpiya Oyunlar\u0131na lisenziya xarakterli Avropa&nbsp;T\u0259snifat Turniri&nbsp;19 &#8211; 22 martda Macar\u0131stan\u0131n paytaxt\u0131 Budape\u015ftd\u0259, D&uuml;nya T\u0259snifat Turniri is\u0259 30 aprel &#8211; 3 mayda&nbsp;Bolqar\u0131stan\u0131n paytaxt\u0131 Sofiyada&nbsp;olacaq.&nbsp;<\/p>\n<p>&nbsp;<\/p>\n","protected":false},"excerpt":{"rendered":"<p>Az\u0259rbaycan s\u0259rb\u0259st g&uuml;l\u0259\u015f&ccedil;isi&nbsp;Hac\u0131 \u018fliyev 2020-ci il Avropa &ccedil;empionat\u0131nda i\u015ftirak etm\u0259y\u0259c\u0259k. Bu bar\u0259d\u0259 &quot;Report&quot;a 28 ya\u015fl\u0131 idman&ccedil;\u0131n\u0131n &ouml;z&uuml; m\u0259lumat verib. 65 kq &ccedil;\u0259ki d\u0259r\u0259c\u0259sind\u0259 &ccedil;\u0131x\u0131\u015f ed\u0259n 3 qat d&uuml;nya v\u0259 3&hellip;<\/p>\n","protected":false},"author":1,"featured_media":251278,"comment_status":"open","ping_status":"open","sticky":false,"template":"","format":"standard","meta":{"_lmt_disableupdate":"","_lmt_disable":"","footnotes":""},"categories":[90],"tags":[],"class_list":["post-89514","post","type-post","status-publish","format-standard","has-post-thumbnail","hentry","category-idman-butun-xeberler"],"_links":{"self":[{"href":"https:\/\/ucnoqta.az\/index.php?rest_route=\/wp\/v2\/posts\/89514","targetHints":{"allow":["GET"]}}],"collection":[{"href":"https:\/\/ucnoqta.az\/index.php?rest_route=\/wp\/v2\/posts"}],"about":[{"href":"https:\/\/ucnoqta.az\/index.php?rest_route=\/wp\/v2\/types\/post"}],"author":[{"embeddable":true,"href":"https:\/\/ucnoqta.az\/index.php?rest_route=\/wp\/v2\/users\/1"}],"replies":[{"embeddable":true,"href":"https:\/\/ucnoqta.az\/index.php?rest_route=%2Fwp%2Fv2%2Fcomments&post=89514"}],"version-history":[{"count":0,"href":"https:\/\/ucnoqta.az\/index.php?rest_route=\/wp\/v2\/posts\/89514\/revisions"}],"wp:featuredmedia":[{"embeddable":true,"href":"https:\/\/ucnoqta.az\/index.php?rest_route=\/wp\/v2\/media\/251278"}],"wp:attachment":[{"href":"https:\/\/ucnoqta.az\/index.php?rest_route=%2Fwp%2Fv2%2Fmedia&parent=89514"}],"wp:term":[{"taxonomy":"category","embeddable":true,"href":"https:\/\/ucnoqta.az\/index.php?rest_route=%2Fwp%2Fv2%2Fcategories&post=89514"},{"taxonomy":"post_tag","embeddable":true,"href":"https:\/\/ucnoqta.az\/index.php?rest_route=%2Fwp%2Fv2%2Ftags&post=89514"}],"curies":[{"name":"wp","href":"https:\/\/api.w.org\/{rel}","templated":true}]}}