{"id":89513,"date":"2019-12-06T17:06:14","date_gmt":"2019-12-06T13:06:14","guid":{"rendered":""},"modified":"-0001-11-30T00:00:00","modified_gmt":"-0001-11-29T20:00:00","slug":"","status":"publish","type":"post","link":"https:\/\/ucnoqta.az\/?p=89513","title":{"rendered":"Bil\u0259suvarda a\u011fac\u0259km\u0259 aksiyas\u0131 ke\u00e7irilib- <font color=red><b>Foto<\/b><\/font>"},"content":{"rendered":"<p><strong>Az\u0259rbaycan Respublikas\u0131n\u0131n Birinci vitse-prezidenti Mehriban \u018fliyevan\u0131n dahi \u015fair v\u0259 m&uuml;t\u0259f\u0259kkir \u0130mad\u0259ddin N\u0259siminin 650 illik yubileyi m&uuml;nasib\u0259til\u0259 respublikam\u0131zda bir g&uuml;nd\u0259 650 min a\u011fac\u0131n \u0259kilm\u0259si t\u0259\u015f\u0259bb&uuml;s&uuml;n\u0259 qo\u015fulan Bil\u0259suvarl\u0131lar&nbsp;rayon \u0259razisind\u0259 bir g&uuml;nd\u0259 3 min a\u011fac \u0259kdil\u0259r. <\/strong><\/p>\n<p>A\u011fac\u0259km\u0259 aksiyas\u0131nda rayon \u0130cra Hakimiyy\u0259tinin ba\u015f&ccedil;\u0131s\u0131 Mahir Quliyev, rayonun b&uuml;t&uuml;n idar\u0259, m&uuml;\u0259ssis\u0259, t\u0259\u015fkilatlar\u0131n\u0131n kollektivl\u0259ri, ictimaiyy\u0259tin n&uuml;may\u0259nd\u0259l\u0259ri v\u0259 g\u0259ncl\u0259r i\u015ftirak edib. Bu m\u0259qs\u0259dl\u0259&nbsp; rayonda \u0259vv\u0259lc\u0259d\u0259n&nbsp; a\u011fac \u0259kil\u0259c\u0259k yerl\u0259r m&uuml;\u0259yy\u0259nl\u0259\u015fdirilib v\u0259 \u0259razid\u0259 m&uuml;vafiq i\u015fl\u0259r apar\u0131l\u0131b.<\/p>\n<p>Bil\u0259suvar-\u018fsg\u0259rabad-&Ccedil;ayl\u0131 yolunun k\u0259nar\u0131 boyunca olan \u0259razid\u0259 a\u011fcaqay\u0131n, xan &ccedil;inar\u0131, \u015fam, g&ouml;r&uuml;\u015f, \u0259rik v\u0259 dig\u0259r a\u011fac n&ouml;vl\u0259ri \u0259kil\u0259r\u0259k suvar\u0131l\u0131b.<\/p>\n","protected":false},"excerpt":{"rendered":"<p>Az\u0259rbaycan Respublikas\u0131n\u0131n Birinci vitse-prezidenti Mehriban \u018fliyevan\u0131n dahi \u015fair v\u0259 m&uuml;t\u0259f\u0259kkir \u0130mad\u0259ddin N\u0259siminin 650 illik yubileyi m&uuml;nasib\u0259til\u0259 respublikam\u0131zda bir g&uuml;nd\u0259 650 min a\u011fac\u0131n \u0259kilm\u0259si t\u0259\u015f\u0259bb&uuml;s&uuml;n\u0259 qo\u015fulan Bil\u0259suvarl\u0131lar&nbsp;rayon \u0259razisind\u0259 bir g&uuml;nd\u0259 3&hellip;<\/p>\n","protected":false},"author":1,"featured_media":251278,"comment_status":"open","ping_status":"open","sticky":false,"template":"","format":"standard","meta":{"_lmt_disableupdate":"","_lmt_disable":"","footnotes":""},"categories":[],"tags":[],"class_list":["post-89513","post","type-post","status-publish","format-standard","has-post-thumbnail","hentry"],"_links":{"self":[{"href":"https:\/\/ucnoqta.az\/index.php?rest_route=\/wp\/v2\/posts\/89513","targetHints":{"allow":["GET"]}}],"collection":[{"href":"https:\/\/ucnoqta.az\/index.php?rest_route=\/wp\/v2\/posts"}],"about":[{"href":"https:\/\/ucnoqta.az\/index.php?rest_route=\/wp\/v2\/types\/post"}],"author":[{"embeddable":true,"href":"https:\/\/ucnoqta.az\/index.php?rest_route=\/wp\/v2\/users\/1"}],"replies":[{"embeddable":true,"href":"https:\/\/ucnoqta.az\/index.php?rest_route=%2Fwp%2Fv2%2Fcomments&post=89513"}],"version-history":[{"count":0,"href":"https:\/\/ucnoqta.az\/index.php?rest_route=\/wp\/v2\/posts\/89513\/revisions"}],"wp:featuredmedia":[{"embeddable":true,"href":"https:\/\/ucnoqta.az\/index.php?rest_route=\/wp\/v2\/media\/251278"}],"wp:attachment":[{"href":"https:\/\/ucnoqta.az\/index.php?rest_route=%2Fwp%2Fv2%2Fmedia&parent=89513"}],"wp:term":[{"taxonomy":"category","embeddable":true,"href":"https:\/\/ucnoqta.az\/index.php?rest_route=%2Fwp%2Fv2%2Fcategories&post=89513"},{"taxonomy":"post_tag","embeddable":true,"href":"https:\/\/ucnoqta.az\/index.php?rest_route=%2Fwp%2Fv2%2Ftags&post=89513"}],"curies":[{"name":"wp","href":"https:\/\/api.w.org\/{rel}","templated":true}]}}