{"id":89504,"date":"2019-12-06T16:12:50","date_gmt":"2019-12-06T12:12:50","guid":{"rendered":""},"modified":"-0001-11-30T00:00:00","modified_gmt":"-0001-11-29T20:00:00","slug":"","status":"publish","type":"post","link":"https:\/\/ucnoqta.az\/?p=89504","title":{"rendered":"S\u0259baild\u0259 a\u011fac\u0259km\u0259 aksiyas\u0131 ke\u00e7irilib &#8211; <font color=red><b>Foto<\/b><\/font>"},"content":{"rendered":"<p><strong>Az\u0259rbaycan\u0131n Birinci vitse-prezidenti&nbsp;Mehriban \u018fliyevan\u0131n t\u0259\u015f\u0259bb&uuml;s&uuml; il\u0259 &ouml;lk\u0259nin b&uuml;t&uuml;n \u015f\u0259h\u0259r v\u0259 rayonlar\u0131nda oldu\u011fu kimi S\u0259bail rayonunda da Az\u0259rbaycan \u015fairi v\u0259 m&uuml;t\u0259f\u0259kkiri \u0130mad\u0259ddin N\u0259siminin 650 illik yubileyin\u0259 h\u0259sr olunan a\u011fac\u0259km\u0259 aksiyas\u0131 ke&ccedil;irilib v\u0259 m\u0259d\u0259ni konsert proqramm\u0131 t\u0259\u015fkil olunub.<\/strong><\/p>\n<p>Aksiya &ccedil;\u0259r&ccedil;iv\u0259sind\u0259 S\u0259bail rayonunda &uuml;mumilikd\u0259 4800 m&uuml;xt\u0259lif n&ouml;v a\u011fac \u0259kilib.<\/p>\n<p>O c&uuml;ml\u0259d\u0259n Abbasqulu Abbaszad\u0259 k&uuml;&ccedil;\u0259sind\u0259 bir hektar sah\u0259d\u0259 mind\u0259n art\u0131q a\u011fac \u0259kilib.<\/p>\n<p>T\u0259dbird\u0259 S\u0259bail Rayon \u0130cra Hakimiyy\u0259tinin (R\u0130H) ba\u015f&ccedil;\u0131s\u0131 Vuqar Zeynalov, m\u0259d\u0259niyy\u0259t xadiml\u0259ri, rayon ictimaiyy\u0259ti, R\u0130H ba\u015f&ccedil;\u0131s\u0131n\u0131n m&uuml;avinl\u0259ri, R\u0130HBA-n\u0131n m\u0259sul \u0259m\u0259kda\u015flar\u0131, t\u0259s\u0259rr&uuml;fat xidm\u0259tl\u0259ri, idar\u0259 v\u0259 t\u0259\u015fkilatlar\u0131n n&uuml;may\u0259nd\u0259l\u0259ri, YAP f\u0259allar\u0131 v\u0259 g\u0259ncl\u0259r i\u015ftirak edibl\u0259r.<\/p>\n<p>T\u0259dbird\u0259 &ccedil;\u0131x\u0131\u015f ed\u0259nl\u0259r Prezident&nbsp;\u0130lham \u018fliyevin r\u0259hb\u0259rliyi il\u0259 &ouml;lk\u0259mizd\u0259 h\u0259yata ke&ccedil;iril\u0259n siyas\u0259tin m\u0259rk\u0259zind\u0259 Az\u0259rbaycan v\u0259t\u0259nda\u015f\u0131n\u0131n dayand\u0131\u011f\u0131n\u0131 bildiribl\u0259r. Az\u0259rbaycan v\u0259t\u0259nda\u015flar\u0131n\u0131n sosial m\u0259s\u0259l\u0259l\u0259rinin h\u0259llini, onlar\u0131n sa\u011flaml\u0131\u011f\u0131n\u0131n qorunmas\u0131n\u0131 prioritet sah\u0259l\u0259rd\u0259n biri kimi m&uuml;\u0259yy\u0259nl\u0259\u015fdirib. Bu istiqam\u0259td\u0259 indiy\u0259d\u0259k &ccedil;ox sayda layih\u0259l\u0259r icra olunub. Bu layih\u0259l\u0259r s\u0131ras\u0131nda \u0259halinin sa\u011flam ekoloji m&uuml;hitd\u0259 ya\u015famas\u0131 m\u0259s\u0259l\u0259sin\u0259 d\u0259 x&uuml;susi diqq\u0259t yetirilir. &Ouml;lk\u0259mizd\u0259 h\u0259yata ke&ccedil;iril\u0259n ekoloji siyas\u0259t n\u0259tic\u0259sind\u0259 yeni ya\u015f\u0131ll\u0131qlar\u0131n sal\u0131nmas\u0131, m&ouml;vcudlar\u0131n\u0131n qorunmas\u0131 il\u0259 yana\u015f\u0131, eyni zamanda, \u0259vv\u0259ll\u0259r he&ccedil; bir ya\u015f\u0131ll\u0131q olmayan sah\u0259l\u0259rd\u0259 d\u0259 a\u011fac\u0259km\u0259 aksiyalar\u0131n\u0131n ke&ccedil;irilm\u0259si Az\u0259rbaycanda ekoloji durumun yax\u015f\u0131la\u015fd\u0131r\u0131lmas\u0131na m&uuml;h&uuml;m t&ouml;hf\u0259l\u0259r verir, ya\u015f\u0131ll\u0131q zonalar\u0131n\u0131n sah\u0259sini art\u0131r\u0131r.<\/p>\n<p>Az\u0259rbaycanda ekoloji v\u0259ziyy\u0259tin yax\u015f\u0131la\u015fd\u0131r\u0131lmas\u0131 istiqam\u0259tind\u0259 h\u0259yata ke&ccedil;iril\u0259n layih\u0259l\u0259r\u0259 Birinci vitse-prezident xan\u0131m Mehriban \u018fliyevan\u0131n r\u0259hb\u0259rlik etdiyi&nbsp;Heyd\u0259r \u018fliyev&nbsp;Fondu da x&uuml;susi diqq\u0259t yetirir. &Ouml;lk\u0259mizd\u0259 yeni ya\u015f\u0131ll\u0131qlar\u0131n sal\u0131nmas\u0131nda v\u0259 m&ouml;vcud ya\u015f\u0131ll\u0131q sah\u0259l\u0259rinin qorunmas\u0131nda Fondun t&ouml;hf\u0259si olduqca b&ouml;y&uuml;kd&uuml;r. Bu m\u0259s\u0259l\u0259d\u0259 Heyd\u0259r \u018fliyev Fondunun vitse-prezidenti, IDEA \u0130ctimai Birliyinin t\u0259sis&ccedil;isi v\u0259 r\u0259hb\u0259ri&nbsp;Leyla \u018fliyevan\u0131n t\u0259\u015f\u0259bb&uuml;s&uuml; v\u0259 d\u0259st\u0259yi il\u0259 ekoloji durumun daha da yax\u015f\u0131la\u015fd\u0131r\u0131lmas\u0131, yeni ya\u015f\u0131ll\u0131qlar\u0131n sal\u0131nmas\u0131 m\u0259qs\u0259di il\u0259 icra olunan layih\u0259l\u0259r d\u0259 m&uuml;h&uuml;m \u0259h\u0259miyy\u0259t k\u0259sb edir.<\/p>\n<p>Y&uuml;ks\u0259k bayram \u0259hval-ruhiyy\u0259sind\u0259 ke&ccedil;iril\u0259n t\u0259dbird\u0259 \u0259razid\u0259 t\u0259mizlik i\u015fl\u0259ri apar\u0131l\u0131b,&nbsp;a\u011faclar\u0131n dibi quru otlardan t\u0259mizl\u0259nib, yeni \u0259kil\u0259c\u0259k a\u011faclar\u0131n damc\u0131 &uuml;sulu il\u0259 suvar\u0131lmas\u0131 &uuml;&ccedil;&uuml;n su x\u0259tl\u0259ri &ccedil;\u0259kilib.\/report<\/p>\n<p>&nbsp;<\/p>\n","protected":false},"excerpt":{"rendered":"<p>Az\u0259rbaycan\u0131n Birinci vitse-prezidenti&nbsp;Mehriban \u018fliyevan\u0131n t\u0259\u015f\u0259bb&uuml;s&uuml; il\u0259 &ouml;lk\u0259nin b&uuml;t&uuml;n \u015f\u0259h\u0259r v\u0259 rayonlar\u0131nda oldu\u011fu kimi S\u0259bail rayonunda da Az\u0259rbaycan \u015fairi v\u0259 m&uuml;t\u0259f\u0259kkiri \u0130mad\u0259ddin N\u0259siminin 650 illik yubileyin\u0259 h\u0259sr olunan a\u011fac\u0259km\u0259 aksiyas\u0131 ke&ccedil;irilib&hellip;<\/p>\n","protected":false},"author":1,"featured_media":251278,"comment_status":"open","ping_status":"open","sticky":false,"template":"","format":"standard","meta":{"_lmt_disableupdate":"","_lmt_disable":"","footnotes":""},"categories":[101],"tags":[],"class_list":["post-89504","post","type-post","status-publish","format-standard","has-post-thumbnail","hentry","category-cemiyyet"],"_links":{"self":[{"href":"https:\/\/ucnoqta.az\/index.php?rest_route=\/wp\/v2\/posts\/89504","targetHints":{"allow":["GET"]}}],"collection":[{"href":"https:\/\/ucnoqta.az\/index.php?rest_route=\/wp\/v2\/posts"}],"about":[{"href":"https:\/\/ucnoqta.az\/index.php?rest_route=\/wp\/v2\/types\/post"}],"author":[{"embeddable":true,"href":"https:\/\/ucnoqta.az\/index.php?rest_route=\/wp\/v2\/users\/1"}],"replies":[{"embeddable":true,"href":"https:\/\/ucnoqta.az\/index.php?rest_route=%2Fwp%2Fv2%2Fcomments&post=89504"}],"version-history":[{"count":0,"href":"https:\/\/ucnoqta.az\/index.php?rest_route=\/wp\/v2\/posts\/89504\/revisions"}],"wp:featuredmedia":[{"embeddable":true,"href":"https:\/\/ucnoqta.az\/index.php?rest_route=\/wp\/v2\/media\/251278"}],"wp:attachment":[{"href":"https:\/\/ucnoqta.az\/index.php?rest_route=%2Fwp%2Fv2%2Fmedia&parent=89504"}],"wp:term":[{"taxonomy":"category","embeddable":true,"href":"https:\/\/ucnoqta.az\/index.php?rest_route=%2Fwp%2Fv2%2Fcategories&post=89504"},{"taxonomy":"post_tag","embeddable":true,"href":"https:\/\/ucnoqta.az\/index.php?rest_route=%2Fwp%2Fv2%2Ftags&post=89504"}],"curies":[{"name":"wp","href":"https:\/\/api.w.org\/{rel}","templated":true}]}}