{"id":89501,"date":"2019-12-06T15:54:58","date_gmt":"2019-12-06T11:54:58","guid":{"rendered":""},"modified":"-0001-11-30T00:00:00","modified_gmt":"-0001-11-29T20:00:00","slug":"","status":"publish","type":"post","link":"https:\/\/ucnoqta.az\/?p=89501","title":{"rendered":"X\u0259z\u0259r rayonunda a\u011fac\u0259km\u0259 aksiyas\u0131 ke\u00e7irilib"},"content":{"rendered":"<p><strong>X\u0259z\u0259r rayonunda Az\u0259rbaycan \u015fairi v\u0259 m&uuml;t\u0259f\u0259kkiri \u0130mad\u0259ddin N\u0259siminin 650 illik yubileyi m&uuml;nasib\u0259til\u0259 a\u011fac\u0259km\u0259 aksiyas\u0131 ke&ccedil;irilib.<\/strong><\/p>\n<p>M\u0259lumata g&ouml;r\u0259, 6 dekabr 2019-cu il tarixind\u0259 Az\u0259rbaycan Respublikas\u0131n\u0131n Prezidenti c\u0259nab \u0130lham \u018fliyevin s\u0259r\u0259ncam\u0131 il\u0259 b&ouml;y&uuml;k Az\u0259rbaycan \u015fairi v\u0259 m&uuml;t\u0259f\u0259kkiri \u0130mad\u0259ddin N\u0259siminin 650 illik yubileyi il\u0259 \u0259laq\u0259dar g&ouml;r&uuml;l\u0259n t\u0259dbirl\u0259r &ccedil;\u0259r&ccedil;iv\u0259sind\u0259 Az\u0259rbaycan Respublikas\u0131n\u0131n Birinci vitse-prezidenti Mehriban \u018fliyevan\u0131n bir g&uuml;nd\u0259 &ouml;lk\u0259mizd\u0259 650 min a\u011fac\u0131n \u0259kilm\u0259si t\u0259\u015f\u0259bb&uuml;s&uuml; il\u0259 ba\u011fl\u0131 ke&ccedil;iril\u0259c\u0259k a\u011fac\u0259km\u0259 kampaniyas\u0131 respublikan\u0131n b&uuml;t&uuml;n regionlar\u0131nda oldu\u011fu kimi X\u0259z\u0259r rayonundada t\u0259nt\u0259n\u0259li \u015f\u0259kild\u0259 t\u0259\u015fkil edilib.<\/p>\n<p>Rayonun T&uuml;rkan q\u0259s\u0259b\u0259sind\u0259 ke&ccedil;iril\u0259n a\u011fac\u0259km\u0259 aksiyas\u0131nda X\u0259z\u0259r Rayon \u0130cra Hakimiyy\u0259tinin (R\u0130H) ba\u015f&ccedil;\u0131s\u0131 El\u015f\u0259n Salahov, Az\u0259rbaycan Republikas\u0131 Prezident Administrasiyas\u0131n\u0131n sektor m&uuml;diri Ta\u011f\u0131 Ta\u011f\u0131yev, mill\u0259t v\u0259kili Rauf \u018fliyev, Yeni Az\u0259rbaycan Partiyas\u0131 X\u0259z\u0259r Rayon T\u0259\u015fkilat\u0131n\u0131n s\u0259dri Namiq \u018fhm\u0259dov, X\u0259z\u0259r R\u0130H ba\u015f&ccedil;\u0131s\u0131n\u0131n m&uuml;avinl\u0259ri, Rayon \u0130cra Hakimiyy\u0259ti ba\u015f&ccedil;\u0131s\u0131 Aparat\u0131n\u0131n kollektivi, rayonda f\u0259aliyy\u0259t g&ouml;st\u0259r\u0259n idar\u0259, m&uuml;\u0259ssis\u0259 v\u0259 t\u0259\u015fkilat r\u0259hb\u0259rl\u0259ri, el\u0259c\u0259 d\u0259 YAP X\u0259z\u0259r rayon t\u0259\u015fkilat\u0131n\u0131n f\u0259al &uuml;zvl\u0259ri v\u0259 ictimaiyy\u0259t n&uuml;may\u0259nd\u0259l\u0259rinin i\u015ftirak\u0131 il\u0259 h\u0259yata ke&ccedil;iril\u0259n aksiya zaman\u0131 7000 \u0259d\u0259d m&uuml;xt\u0259lif n&ouml;v a\u011faclar \u0259kilib.<\/p>\n<p>Bayram \u0259hval ruhiy\u0259sind\u0259 ke&ccedil;\u0259n a\u011fac\u0259km\u0259 aksiyas\u0131nda inc\u0259s\u0259n\u0259t adamlar\u0131n\u0131n i\u015ftirak\u0131 il\u0259 konsert proqram\u0131 v\u0259 i\u015ftirak&ccedil;\u0131lar &uuml;&ccedil;&uuml;n &ccedil;ay s&uuml;fr\u0259si t\u0259\u015fkil edilib.\/trend<\/p>\n<p>&nbsp;<\/p>\n","protected":false},"excerpt":{"rendered":"<p>X\u0259z\u0259r rayonunda Az\u0259rbaycan \u015fairi v\u0259 m&uuml;t\u0259f\u0259kkiri \u0130mad\u0259ddin N\u0259siminin 650 illik yubileyi m&uuml;nasib\u0259til\u0259 a\u011fac\u0259km\u0259 aksiyas\u0131 ke&ccedil;irilib. M\u0259lumata g&ouml;r\u0259, 6 dekabr 2019-cu il tarixind\u0259 Az\u0259rbaycan Respublikas\u0131n\u0131n Prezidenti c\u0259nab \u0130lham \u018fliyevin s\u0259r\u0259ncam\u0131 il\u0259&hellip;<\/p>\n","protected":false},"author":1,"featured_media":251278,"comment_status":"open","ping_status":"open","sticky":false,"template":"","format":"standard","meta":{"_lmt_disableupdate":"","_lmt_disable":"","footnotes":""},"categories":[101],"tags":[],"class_list":["post-89501","post","type-post","status-publish","format-standard","has-post-thumbnail","hentry","category-cemiyyet"],"_links":{"self":[{"href":"https:\/\/ucnoqta.az\/index.php?rest_route=\/wp\/v2\/posts\/89501","targetHints":{"allow":["GET"]}}],"collection":[{"href":"https:\/\/ucnoqta.az\/index.php?rest_route=\/wp\/v2\/posts"}],"about":[{"href":"https:\/\/ucnoqta.az\/index.php?rest_route=\/wp\/v2\/types\/post"}],"author":[{"embeddable":true,"href":"https:\/\/ucnoqta.az\/index.php?rest_route=\/wp\/v2\/users\/1"}],"replies":[{"embeddable":true,"href":"https:\/\/ucnoqta.az\/index.php?rest_route=%2Fwp%2Fv2%2Fcomments&post=89501"}],"version-history":[{"count":0,"href":"https:\/\/ucnoqta.az\/index.php?rest_route=\/wp\/v2\/posts\/89501\/revisions"}],"wp:featuredmedia":[{"embeddable":true,"href":"https:\/\/ucnoqta.az\/index.php?rest_route=\/wp\/v2\/media\/251278"}],"wp:attachment":[{"href":"https:\/\/ucnoqta.az\/index.php?rest_route=%2Fwp%2Fv2%2Fmedia&parent=89501"}],"wp:term":[{"taxonomy":"category","embeddable":true,"href":"https:\/\/ucnoqta.az\/index.php?rest_route=%2Fwp%2Fv2%2Fcategories&post=89501"},{"taxonomy":"post_tag","embeddable":true,"href":"https:\/\/ucnoqta.az\/index.php?rest_route=%2Fwp%2Fv2%2Ftags&post=89501"}],"curies":[{"name":"wp","href":"https:\/\/api.w.org\/{rel}","templated":true}]}}